{"id":145,"date":"2020-06-25T10:22:48","date_gmt":"2020-06-25T10:22:48","guid":{"rendered":"https:\/\/www.myportugalexperience.com\/blog\/?p=145"},"modified":"2025-07-08T07:51:06","modified_gmt":"2025-07-08T07:51:06","slug":"sugestoes-para-as-suas-ferias-em-albufeira","status":"publish","type":"post","link":"https:\/\/www.myportugalexperience.com\/blog\/sugestoes-para-as-suas-ferias-em-albufeira\/","title":{"rendered":"Sugest\u00f5es para as suas f\u00e9rias em Albufeira"},"content":{"rendered":"\n<p>Os&nbsp;<strong>turistas adoram Albufeira<\/strong>, no ver\u00e3o, no inverno\u2026 em qualquer altura do ano. Enchem os hot\u00e9is, alugam apartamentos e casas, percorrem as ruas estreitas da cidade hist\u00f3rica, banham-se nas praias (mais pr\u00f3ximas e mais isoladas) e visitam a Marina. Mas que s\u00edtios visitam, ou devem visitar? Deixamos algumas sugest\u00f5es que o podem ajudar a desfrutar desta cidade\u2026<\/p>\n\n\n\n<h2 class=\"wp-block-heading\">Cidade Hist\u00f3rica de Albufeira<\/h2>\n\n\n\n<p>Albufeira \u00e9 conhecida pela sua Hist\u00f3ria. Desde os tempos pr\u00e9-hist\u00f3ricos que h\u00e1 registo de pequenas povoa\u00e7\u00f5es instaladas, no entanto s\u00f3 na altura dos Romanos \u00e9 que esta povoa\u00e7\u00e3o viu algum desenvolvimento. O povo vindo de L\u00e1cio construiu pontes, aquedutos e estradas, al\u00e9m de artefactos, que podemos ver no Museu Municipal de Arqueologia.<\/p>\n\n\n\n<p>Curiosamente, o nome n\u00e3o vem do original romano, Baltum, mas sim do \u00e1rabe \u201cAlbuar\u201d ou \u201cAlbuhera\u201d, que significam \u201cpequeno lago\/lagoa\u201d, ou de acordo com alguns especialistas \u201ccastelo do mar\u201d. Infelizmente, a maior parte da cidade e dos vest\u00edgios destas civiliza\u00e7\u00f5es foram destru\u00eddos pelo terramoto de 1755 e pelas ondas que atingiram os dez metros de altura.<\/p>\n\n\n\n<p>A Igreja Matriz, antiga mesquita \u00e1rabe adaptada ao culto crist\u00e3o, onde a popula\u00e7\u00e3o se refugiara, pedindo miseric\u00f3rdia, desabou causando 227 v\u00edtimas. At\u00e9 o castelo ficou arrasado, mas sobre as ru\u00ednas do port\u00e3o e da igreja, foi constru\u00edda uma capela e a famosa Torre do Rel\u00f3gio (que hoje em dia \u00e9 visit\u00e1vel, assim como a capela).<\/p>\n\n\n\n<p>A n\u00edvel de patrim\u00f3nio hist\u00f3rico cultural, pode ainda visitar a Igreja Matriz, outro dos edif\u00edcios edificados p\u00f3s-terramoto 1755, as ru\u00ednas do Castelo e da sua muralha, assim como as da Bateria de Albufeira. Caso queira aprofundar os seus conhecimentos hist\u00f3ricos da cidade, sempre pode visitar os Museus Municipal de Arqueologia de Albufeira e o de Arte Sacra (Igreja de S\u00e3o Sebasti\u00e3o).<\/p>\n\n\n\n<h2 class=\"wp-block-heading\">Ir a p\u00e9 at\u00e9 \u00e0 praia<\/h2>\n\n\n\n<p>Se prefere descansar um pouco dos roteiros hist\u00f3ricos, pode aproveitar as duas praias que se&nbsp;<strong>encontram perto do Centro Hist\u00f3rico<\/strong>: a Praia do T\u00fanel e a Praia dos Pescadores. Pode aceder a ambas a partir do Centro e a p\u00e9.<\/p>\n\n\n\n<p>Enquanto que \u00e0 Praia do T\u00fanel pode chegar a partir de um t\u00fanel (da\u00ed o nome) e atrav\u00e9s de um elevador, a dos Pescadores pode descer as escadas que se encontram no final da rua calcetada e destinada exclusivamente para o tr\u00e2nsito pedestre. A sensa\u00e7\u00e3o que as duas praias lhe transmitem ser\u00e1 a mesma: a de puro fasc\u00ednio pelas areias douradas e pela brisa fresca levada pela \u00e1gua.<\/p>\n\n\n\n<p>Caso esteja com disposi\u00e7\u00e3o para uma caminhada maior, pode ir at\u00e9 \u00e0 Praia da Oura, onde poder\u00e1 desfrutar de um longo areal e de algumas pequenas \u201cpiscinas\u201d naturais, quando a mar\u00e9 est\u00e1 baixa. Outra sugest\u00e3o, poder\u00e1 ser a Praia da Gal\u00e9, tamb\u00e9m conhecida pelo seu areal e pelas forma\u00e7\u00f5es rochosas que o acompanham.<\/p>\n\n\n\n<p>Cruzeiros e golfinhos \u00e9 na Marina Se o seu gosto recai em embarca\u00e7\u00f5es e se at\u00e9 gostaria de se aventurar numa ou encontrar alguns golfinhos, a Marina de Albufeira \u00e9 o local certo para ir. Seja por um dia inteiro, ou metade, aproveite os charters e passe esse tempo no mar. Tamb\u00e9m pode aproveitar os cruzeiros que o levam em busca de golfinhos e tirar fotografias destes animais \u00fanicos.<\/p>\n\n\n\n<p>Sente-se cansado? Ent\u00e3o aproveite este espa\u00e7o para passear e sentar-se a uma esplanada, beber um caf\u00e9 ou uma bebida fresca, e relaxar enquanto observa as embarca\u00e7\u00f5es acostadas na Marina. No fundo, fazer aquilo que se faz de melhor em Albufeira: estar de f\u00e9rias!<\/p>\n","protected":false},"excerpt":{"rendered":"<p>Os&nbsp;turistas adoram Albufeira, no ver\u00e3o, no inverno\u2026 em qualquer altura do ano. Enchem os hot\u00e9is, alugam apartamentos e casas, percorrem as ruas estreitas da cidade hist\u00f3rica, banham-se nas praias (mais pr\u00f3ximas e mais isoladas) e visitam a Marina. Mas que s\u00edtios visitam, ou devem visitar? Deixamos algumas sugest\u00f5es que o podem ajudar a desfrutar desta [&hellip;]<\/p>\n","protected":false},"author":1,"featured_media":146,"comment_status":"open","ping_status":"open","sticky":false,"template":"","format":"standard","meta":{"footnotes":""},"categories":[30],"tags":[],"class_list":["post-145","post","type-post","status-publish","format-standard","has-post-thumbnail","hentry","category-albufeira-2"],"yoast_head":"<!-- This site is optimized with the Yoast SEO plugin v26.5 - https:\/\/yoast.com\/wordpress\/plugins\/seo\/ -->\n<title>Sugest\u00f5es para as suas f\u00e9rias em Albufeira - Blog<\/title>\n<meta name=\"robots\" content=\"index, follow, max-snippet:-1, max-image-preview:large, max-video-preview:-1\" \/>\n<link rel=\"canonical\" href=\"https:\/\/www.myportugalexperience.com\/blog\/sugestoes-para-as-suas-ferias-em-albufeira\/\" \/>\n<meta property=\"og:locale\" content=\"pt_PT\" \/>\n<meta property=\"og:type\" content=\"article\" \/>\n<meta property=\"og:title\" content=\"Sugest\u00f5es para as suas f\u00e9rias em Albufeira - Blog\" \/>\n<meta property=\"og:description\" content=\"Os&nbsp;turistas adoram Albufeira, no ver\u00e3o, no inverno\u2026 em qualquer altura do ano. Enchem os hot\u00e9is, alugam apartamentos e casas, percorrem as ruas estreitas da cidade hist\u00f3rica, banham-se nas praias (mais pr\u00f3ximas e mais isoladas) e visitam a Marina. Mas que s\u00edtios visitam, ou devem visitar? Deixamos algumas sugest\u00f5es que o podem ajudar a desfrutar desta [&hellip;]\" \/>\n<meta property=\"og:url\" content=\"https:\/\/www.myportugalexperience.com\/blog\/sugestoes-para-as-suas-ferias-em-albufeira\/\" \/>\n<meta property=\"og:site_name\" content=\"Blog\" \/>\n<meta property=\"article:published_time\" content=\"2020-06-25T10:22:48+00:00\" \/>\n<meta property=\"article:modified_time\" content=\"2025-07-08T07:51:06+00:00\" \/>\n<meta property=\"og:image\" content=\"https:\/\/www.myportugalexperience.com\/blog\/wp-content\/uploads\/2020\/06\/sugestoes-para-ferias-em-albufeira.jpeg\" \/>\n\t<meta property=\"og:image:width\" content=\"722\" \/>\n\t<meta property=\"og:image:height\" content=\"413\" \/>\n\t<meta property=\"og:image:type\" content=\"image\/jpeg\" \/>\n<meta name=\"author\" content=\"admin\" \/>\n<meta name=\"twitter:card\" content=\"summary_large_image\" \/>\n<meta name=\"twitter:label1\" content=\"Written by\" \/>\n\t<meta name=\"twitter:data1\" content=\"admin\" \/>\n\t<meta name=\"twitter:label2\" content=\"Est. reading time\" \/>\n\t<meta name=\"twitter:data2\" content=\"3 minutes\" \/>\n<script type=\"application\/ld+json\" class=\"yoast-schema-graph\">{\"@context\":\"https:\/\/schema.org\",\"@graph\":[{\"@type\":\"WebPage\",\"@id\":\"https:\/\/www.myportugalexperience.com\/blog\/sugestoes-para-as-suas-ferias-em-albufeira\/\",\"url\":\"https:\/\/www.myportugalexperience.com\/blog\/sugestoes-para-as-suas-ferias-em-albufeira\/\",\"name\":\"Sugest\u00f5es para as suas f\u00e9rias em Albufeira - Blog\",\"isPartOf\":{\"@id\":\"https:\/\/www.myportugalexperience.com\/blog\/#website\"},\"primaryImageOfPage\":{\"@id\":\"https:\/\/www.myportugalexperience.com\/blog\/sugestoes-para-as-suas-ferias-em-albufeira\/#primaryimage\"},\"image\":{\"@id\":\"https:\/\/www.myportugalexperience.com\/blog\/sugestoes-para-as-suas-ferias-em-albufeira\/#primaryimage\"},\"thumbnailUrl\":\"https:\/\/www.myportugalexperience.com\/blog\/wp-content\/uploads\/2020\/06\/sugestoes-para-ferias-em-albufeira.jpeg\",\"datePublished\":\"2020-06-25T10:22:48+00:00\",\"dateModified\":\"2025-07-08T07:51:06+00:00\",\"author\":{\"@id\":\"https:\/\/www.myportugalexperience.com\/blog\/#\/schema\/person\/40127941c1260afbad23c6167018db2d\"},\"breadcrumb\":{\"@id\":\"https:\/\/www.myportugalexperience.com\/blog\/sugestoes-para-as-suas-ferias-em-albufeira\/#breadcrumb\"},\"inLanguage\":\"pt\",\"potentialAction\":[{\"@type\":\"ReadAction\",\"target\":[\"https:\/\/www.myportugalexperience.com\/blog\/sugestoes-para-as-suas-ferias-em-albufeira\/\"]}]},{\"@type\":\"ImageObject\",\"inLanguage\":\"pt\",\"@id\":\"https:\/\/www.myportugalexperience.com\/blog\/sugestoes-para-as-suas-ferias-em-albufeira\/#primaryimage\",\"url\":\"https:\/\/www.myportugalexperience.com\/blog\/wp-content\/uploads\/2020\/06\/sugestoes-para-ferias-em-albufeira.jpeg\",\"contentUrl\":\"https:\/\/www.myportugalexperience.com\/blog\/wp-content\/uploads\/2020\/06\/sugestoes-para-ferias-em-albufeira.jpeg\",\"width\":722,\"height\":413,\"caption\":\"sugest\u00f5es para f\u00e9rias em albufeira\"},{\"@type\":\"BreadcrumbList\",\"@id\":\"https:\/\/www.myportugalexperience.com\/blog\/sugestoes-para-as-suas-ferias-em-albufeira\/#breadcrumb\",\"itemListElement\":[{\"@type\":\"ListItem\",\"position\":1,\"name\":\"Home\",\"item\":\"https:\/\/www.myportugalexperience.com\/blog\/\"},{\"@type\":\"ListItem\",\"position\":2,\"name\":\"Sugest\u00f5es para as suas f\u00e9rias em Albufeira\"}]},{\"@type\":\"WebSite\",\"@id\":\"https:\/\/www.myportugalexperience.com\/blog\/#website\",\"url\":\"https:\/\/www.myportugalexperience.com\/blog\/\",\"name\":\"Blog\",\"description\":\"OC VILLAS\",\"potentialAction\":[{\"@type\":\"SearchAction\",\"target\":{\"@type\":\"EntryPoint\",\"urlTemplate\":\"https:\/\/www.myportugalexperience.com\/blog\/?s={search_term_string}\"},\"query-input\":{\"@type\":\"PropertyValueSpecification\",\"valueRequired\":true,\"valueName\":\"search_term_string\"}}],\"inLanguage\":\"pt\"},{\"@type\":\"Person\",\"@id\":\"https:\/\/www.myportugalexperience.com\/blog\/#\/schema\/person\/40127941c1260afbad23c6167018db2d\",\"name\":\"admin\",\"image\":{\"@type\":\"ImageObject\",\"inLanguage\":\"pt\",\"@id\":\"https:\/\/www.myportugalexperience.com\/blog\/#\/schema\/person\/image\/\",\"url\":\"https:\/\/secure.gravatar.com\/avatar\/c17c5233fdd7246c8da074504987f3b1c1708717ae87150137e1629cff920ec2?s=96&d=mm&r=g\",\"contentUrl\":\"https:\/\/secure.gravatar.com\/avatar\/c17c5233fdd7246c8da074504987f3b1c1708717ae87150137e1629cff920ec2?s=96&d=mm&r=g\",\"caption\":\"admin\"},\"sameAs\":[\"https:\/\/myportugalexperience.com\/blog\"],\"url\":\"https:\/\/www.myportugalexperience.com\/blog\/author\/avantio\/\"}]}<\/script>\n<!-- \/ Yoast SEO plugin. -->","yoast_head_json":{"title":"Sugest\u00f5es para as suas f\u00e9rias em Albufeira - Blog","robots":{"index":"index","follow":"follow","max-snippet":"max-snippet:-1","max-image-preview":"max-image-preview:large","max-video-preview":"max-video-preview:-1"},"canonical":"https:\/\/www.myportugalexperience.com\/blog\/sugestoes-para-as-suas-ferias-em-albufeira\/","og_locale":"pt_PT","og_type":"article","og_title":"Sugest\u00f5es para as suas f\u00e9rias em Albufeira - Blog","og_description":"Os&nbsp;turistas adoram Albufeira, no ver\u00e3o, no inverno\u2026 em qualquer altura do ano. Enchem os hot\u00e9is, alugam apartamentos e casas, percorrem as ruas estreitas da cidade hist\u00f3rica, banham-se nas praias (mais pr\u00f3ximas e mais isoladas) e visitam a Marina. Mas que s\u00edtios visitam, ou devem visitar? Deixamos algumas sugest\u00f5es que o podem ajudar a desfrutar desta [&hellip;]","og_url":"https:\/\/www.myportugalexperience.com\/blog\/sugestoes-para-as-suas-ferias-em-albufeira\/","og_site_name":"Blog","article_published_time":"2020-06-25T10:22:48+00:00","article_modified_time":"2025-07-08T07:51:06+00:00","og_image":[{"width":722,"height":413,"url":"https:\/\/www.myportugalexperience.com\/blog\/wp-content\/uploads\/2020\/06\/sugestoes-para-ferias-em-albufeira.jpeg","type":"image\/jpeg"}],"author":"admin","twitter_card":"summary_large_image","twitter_misc":{"Written by":"admin","Est. reading time":"3 minutes"},"schema":{"@context":"https:\/\/schema.org","@graph":[{"@type":"WebPage","@id":"https:\/\/www.myportugalexperience.com\/blog\/sugestoes-para-as-suas-ferias-em-albufeira\/","url":"https:\/\/www.myportugalexperience.com\/blog\/sugestoes-para-as-suas-ferias-em-albufeira\/","name":"Sugest\u00f5es para as suas f\u00e9rias em Albufeira - Blog","isPartOf":{"@id":"https:\/\/www.myportugalexperience.com\/blog\/#website"},"primaryImageOfPage":{"@id":"https:\/\/www.myportugalexperience.com\/blog\/sugestoes-para-as-suas-ferias-em-albufeira\/#primaryimage"},"image":{"@id":"https:\/\/www.myportugalexperience.com\/blog\/sugestoes-para-as-suas-ferias-em-albufeira\/#primaryimage"},"thumbnailUrl":"https:\/\/www.myportugalexperience.com\/blog\/wp-content\/uploads\/2020\/06\/sugestoes-para-ferias-em-albufeira.jpeg","datePublished":"2020-06-25T10:22:48+00:00","dateModified":"2025-07-08T07:51:06+00:00","author":{"@id":"https:\/\/www.myportugalexperience.com\/blog\/#\/schema\/person\/40127941c1260afbad23c6167018db2d"},"breadcrumb":{"@id":"https:\/\/www.myportugalexperience.com\/blog\/sugestoes-para-as-suas-ferias-em-albufeira\/#breadcrumb"},"inLanguage":"pt","potentialAction":[{"@type":"ReadAction","target":["https:\/\/www.myportugalexperience.com\/blog\/sugestoes-para-as-suas-ferias-em-albufeira\/"]}]},{"@type":"ImageObject","inLanguage":"pt","@id":"https:\/\/www.myportugalexperience.com\/blog\/sugestoes-para-as-suas-ferias-em-albufeira\/#primaryimage","url":"https:\/\/www.myportugalexperience.com\/blog\/wp-content\/uploads\/2020\/06\/sugestoes-para-ferias-em-albufeira.jpeg","contentUrl":"https:\/\/www.myportugalexperience.com\/blog\/wp-content\/uploads\/2020\/06\/sugestoes-para-ferias-em-albufeira.jpeg","width":722,"height":413,"caption":"sugest\u00f5es para f\u00e9rias em albufeira"},{"@type":"BreadcrumbList","@id":"https:\/\/www.myportugalexperience.com\/blog\/sugestoes-para-as-suas-ferias-em-albufeira\/#breadcrumb","itemListElement":[{"@type":"ListItem","position":1,"name":"Home","item":"https:\/\/www.myportugalexperience.com\/blog\/"},{"@type":"ListItem","position":2,"name":"Sugest\u00f5es para as suas f\u00e9rias em Albufeira"}]},{"@type":"WebSite","@id":"https:\/\/www.myportugalexperience.com\/blog\/#website","url":"https:\/\/www.myportugalexperience.com\/blog\/","name":"Blog","description":"OC VILLAS","potentialAction":[{"@type":"SearchAction","target":{"@type":"EntryPoint","urlTemplate":"https:\/\/www.myportugalexperience.com\/blog\/?s={search_term_string}"},"query-input":{"@type":"PropertyValueSpecification","valueRequired":true,"valueName":"search_term_string"}}],"inLanguage":"pt"},{"@type":"Person","@id":"https:\/\/www.myportugalexperience.com\/blog\/#\/schema\/person\/40127941c1260afbad23c6167018db2d","name":"admin","image":{"@type":"ImageObject","inLanguage":"pt","@id":"https:\/\/www.myportugalexperience.com\/blog\/#\/schema\/person\/image\/","url":"https:\/\/secure.gravatar.com\/avatar\/c17c5233fdd7246c8da074504987f3b1c1708717ae87150137e1629cff920ec2?s=96&d=mm&r=g","contentUrl":"https:\/\/secure.gravatar.com\/avatar\/c17c5233fdd7246c8da074504987f3b1c1708717ae87150137e1629cff920ec2?s=96&d=mm&r=g","caption":"admin"},"sameAs":["https:\/\/myportugalexperience.com\/blog"],"url":"https:\/\/www.myportugalexperience.com\/blog\/author\/avantio\/"}]}},"_links":{"self":[{"href":"https:\/\/www.myportugalexperience.com\/blog\/wp-json\/wp\/v2\/posts\/145","targetHints":{"allow":["GET"]}}],"collection":[{"href":"https:\/\/www.myportugalexperience.com\/blog\/wp-json\/wp\/v2\/posts"}],"about":[{"href":"https:\/\/www.myportugalexperience.com\/blog\/wp-json\/wp\/v2\/types\/post"}],"author":[{"embeddable":true,"href":"https:\/\/www.myportugalexperience.com\/blog\/wp-json\/wp\/v2\/users\/1"}],"replies":[{"embeddable":true,"href":"https:\/\/www.myportugalexperience.com\/blog\/wp-json\/wp\/v2\/comments?post=145"}],"version-history":[{"count":1,"href":"https:\/\/www.myportugalexperience.com\/blog\/wp-json\/wp\/v2\/posts\/145\/revisions"}],"predecessor-version":[{"id":148,"href":"https:\/\/www.myportugalexperience.com\/blog\/wp-json\/wp\/v2\/posts\/145\/revisions\/148"}],"wp:featuredmedia":[{"embeddable":true,"href":"https:\/\/www.myportugalexperience.com\/blog\/wp-json\/wp\/v2\/media\/146"}],"wp:attachment":[{"href":"https:\/\/www.myportugalexperience.com\/blog\/wp-json\/wp\/v2\/media?parent=145"}],"wp:term":[{"taxonomy":"category","embeddable":true,"href":"https:\/\/www.myportugalexperience.com\/blog\/wp-json\/wp\/v2\/categories?post=145"},{"taxonomy":"post_tag","embeddable":true,"href":"https:\/\/www.myportugalexperience.com\/blog\/wp-json\/wp\/v2\/tags?post=145"}],"curies":[{"name":"wp","href":"https:\/\/api.w.org\/{rel}","templated":true}]}}