{"id":1462,"date":"2025-10-14T07:44:28","date_gmt":"2025-10-14T07:44:28","guid":{"rendered":"https:\/\/www.myportugalexperience.com\/blog\/?p=1462"},"modified":"2025-11-17T13:48:28","modified_gmt":"2025-11-17T13:48:28","slug":"albufeira-em-novembro","status":"publish","type":"post","link":"https:\/\/www.myportugalexperience.com\/blog\/albufeira-em-novembro\/","title":{"rendered":"Albufeira em Novembro"},"content":{"rendered":"\t\t<div data-elementor-type=\"wp-post\" data-elementor-id=\"1462\" class=\"elementor elementor-1462\" data-elementor-post-type=\"post\">\n\t\t\t\t<div class=\"elementor-element elementor-element-759346fe e-con-full e-flex e-con e-parent\" data-id=\"759346fe\" data-element_type=\"container\" data-e-type=\"container\">\n\t\t\t\t<div class=\"elementor-element elementor-element-43e315f5 elementor-widget elementor-widget-image\" data-id=\"43e315f5\" data-element_type=\"widget\" data-e-type=\"widget\" data-widget_type=\"image.default\">\n\t\t\t\t<div class=\"elementor-widget-container\">\n\t\t\t\t\t\t\t\t\t\t\t\t\t\t\t<img fetchpriority=\"high\" decoding=\"async\" width=\"1920\" height=\"400\" src=\"https:\/\/www.myportugalexperience.com\/blog\/wp-content\/uploads\/2025\/10\/off-season-albufeira-31.webp\" class=\"attachment-full size-full wp-image-1498\" alt=\"Albufeira em Novembro\" srcset=\"https:\/\/www.myportugalexperience.com\/blog\/wp-content\/uploads\/2025\/10\/off-season-albufeira-31.webp 1920w, https:\/\/www.myportugalexperience.com\/blog\/wp-content\/uploads\/2025\/10\/off-season-albufeira-31-300x63.webp 300w, https:\/\/www.myportugalexperience.com\/blog\/wp-content\/uploads\/2025\/10\/off-season-albufeira-31-1024x213.webp 1024w, https:\/\/www.myportugalexperience.com\/blog\/wp-content\/uploads\/2025\/10\/off-season-albufeira-31-768x160.webp 768w, https:\/\/www.myportugalexperience.com\/blog\/wp-content\/uploads\/2025\/10\/off-season-albufeira-31-1536x320.webp 1536w\" sizes=\"(max-width: 1920px) 100vw, 1920px\" \/>\t\t\t\t\t\t\t\t\t\t\t\t\t\t\t<\/div>\n\t\t\t\t<\/div>\n\t\t\t\t<\/div>\n\t\t<div class=\"elementor-element elementor-element-96b9220 e-flex e-con-boxed e-con e-parent\" data-id=\"96b9220\" data-element_type=\"container\" data-e-type=\"container\">\n\t\t\t\t\t<div class=\"e-con-inner\">\n\t\t\t\t<div class=\"elementor-element elementor-element-27d5b0db elementor-widget elementor-widget-heading\" data-id=\"27d5b0db\" data-element_type=\"widget\" data-e-type=\"widget\" data-widget_type=\"heading.default\">\n\t\t\t\t<div class=\"elementor-widget-container\">\n\t\t\t\t\t<h1 class=\"elementor-heading-title elementor-size-default\">Albufeira em Novembro<\/h1>\t\t\t\t<\/div>\n\t\t\t\t<\/div>\n\t\t\t\t<div class=\"elementor-element elementor-element-6af774e4 elementor-widget elementor-widget-text-editor\" data-id=\"6af774e4\" data-element_type=\"widget\" data-e-type=\"widget\" data-widget_type=\"text-editor.default\">\n\t\t\t\t<div class=\"elementor-widget-container\">\n\t\t\t\t\t\t\t\t\t<p><\/p><p><em><span class=\"cf0\">Visitar Albufeira em <\/span><span class=\"cf0\">novembro<\/span><span class=\"cf0\"> \u00e9 <\/span><span class=\"cf0\">descobrir<\/span><span class=\"cf0\"> um lado mais <\/span><span class=\"cf0\">aut\u00eantico<\/span><span class=\"cf0\"> e tranquilo deste famoso destino do Algarve. <\/span><\/em><\/p><p><span class=\"cf0\">Com o <\/span><span class=\"cf0\">fim<\/span><span class=\"cf0\"> da \u00e9poca alta, as <\/span><span class=\"cf0\">ruas<\/span> <span class=\"cf0\">ficam<\/span><span class=\"cf0\"> mais calmas, o clima continua ameno e a <\/span><span class=\"cf0\">beleza<\/span><span class=\"cf0\"> da costa <\/span><span class=\"cf0\">algarvia<\/span> <span class=\"cf0\">mant\u00e9m<\/span><span class=\"cf0\"> todo o <\/span><span class=\"cf0\">seu<\/span><span class=\"cf0\"> encanto. \u00c9 o momento ideal para explorar as <\/span><span class=\"cf0\">praias<\/span> <span class=\"cf0\">sem<\/span> <span class=\"cf0\">multid\u00f5es<\/span><span class=\"cf0\">, <\/span><span class=\"cf0\">passear<\/span><span class=\"cf0\"> pelo centro hist\u00f3rico com tempo e saborear a gastronomia local <\/span><span class=\"cf0\">num<\/span><span class=\"cf0\"> ambiente <\/span><span class=\"cf0\">relaxado<\/span><span class=\"cf0\">. Neste artigo, vamos mostrar o que <\/span><span class=\"cf0\">fazer<\/span><span class=\"cf0\"> em Albufeira em <\/span><span class=\"cf0\">novembro<\/span><span class=\"cf0\">, com <\/span><span class=\"cf0\">dicas<\/span><span class=\"cf0\"> de <\/span><span class=\"cf0\">atividades<\/span><span class=\"cf0\">, <\/span><span class=\"cf0\">locais<\/span> <span class=\"cf0\">imperd\u00edveis<\/span><span class=\"cf0\"> e <\/span><span class=\"cf0\">raz\u00f5es<\/span><span class=\"cf0\"> para <\/span><span class=\"cf0\">aproveitar<\/span><span class=\"cf0\"> esta \u00e9poca \u00fanica do ano.<\/span><\/p><p><\/p>\t\t\t\t\t\t\t\t<\/div>\n\t\t\t\t<\/div>\n\t\t\t\t\t<\/div>\n\t\t\t\t<\/div>\n\t\t<div class=\"elementor-element elementor-element-28f0aaa e-flex e-con-boxed e-con e-parent\" data-id=\"28f0aaa\" data-element_type=\"container\" data-e-type=\"container\">\n\t\t\t\t\t<div class=\"e-con-inner\">\n\t\t\t\t<div class=\"elementor-element elementor-element-1d6889a9 elementor-widget elementor-widget-heading\" data-id=\"1d6889a9\" data-element_type=\"widget\" data-e-type=\"widget\" data-widget_type=\"heading.default\">\n\t\t\t\t<div class=\"elementor-widget-container\">\n\t\t\t\t\t<h2 class=\"elementor-heading-title elementor-size-default\">Como est\u00e1 o tempo em Albufeira em novembro?<\/h2>\t\t\t\t<\/div>\n\t\t\t\t<\/div>\n\t\t\t\t<div class=\"elementor-element elementor-element-6a096d93 elementor-widget elementor-widget-text-editor\" data-id=\"6a096d93\" data-element_type=\"widget\" data-e-type=\"widget\" data-widget_type=\"text-editor.default\">\n\t\t\t\t<div class=\"elementor-widget-container\">\n\t\t\t\t\t\t\t\t\t<p><span class=\"cf0\">Se est\u00e1 a pensar como est\u00e1 o tempo em Albufeira em <\/span><span class=\"cf0\">novembro<\/span><span class=\"cf0\">, <\/span><span class=\"cf0\">saiba<\/span><span class=\"cf0\"> que esta \u00e9 <\/span><span class=\"cf0\">uma<\/span><span class=\"cf0\"> das <\/span><span class=\"cf0\">melhores<\/span><span class=\"cf0\"> \u00e9pocas para <\/span><span class=\"cf0\">conhecer<\/span><span class=\"cf0\"> o Algarve com mais <\/span><span class=\"cf0\">tranquilidade<\/span><span class=\"cf0\">. O clima \u00e9 ameno, os <\/span><span class=\"cf0\">dias<\/span> <span class=\"cf0\">continuam<\/span><span class=\"cf0\"> com bastante sol e as temperaturas <\/span><span class=\"cf0\">s\u00e3o<\/span> <span class=\"cf0\">agrad\u00e1veis<\/span><span class=\"cf0\">, <\/span><span class=\"cf0\">embora<\/span><span class=\"cf0\"> mais frescas \u00e0 <\/span><span class=\"cf0\">noite<\/span><span class=\"cf0\">. <\/span><span class=\"cf0\">Novembro<\/span><span class=\"cf0\"> marca o <\/span><span class=\"cf0\">in\u00edcio<\/span><span class=\"cf0\"> da \u00e9poca <\/span><span class=\"cf0\">baixa<\/span><span class=\"cf0\">, o que significa menos turistas e <\/span><span class=\"cf0\">uma<\/span><span class=\"cf0\"> atmosfera mais <\/span><span class=\"cf0\">aut\u00eantica<\/span><span class=\"cf0\">. \u00c9 o momento ideal para explorar o centro hist\u00f3rico, <\/span><span class=\"cf0\">passear<\/span><span class=\"cf0\"> pelas <\/span><span class=\"cf0\">fal\u00e9sias<\/span><span class=\"cf0\"> e desfrutar da gastronomia local <\/span><span class=\"cf0\">sem<\/span> <span class=\"cf0\">pressas<\/span><span class=\"cf0\">.<\/span><\/p>\t\t\t\t\t\t\t\t<\/div>\n\t\t\t\t<\/div>\n\t\t\t\t<div class=\"elementor-element elementor-element-7977d28c elementor-widget elementor-widget-heading\" data-id=\"7977d28c\" data-element_type=\"widget\" data-e-type=\"widget\" data-widget_type=\"heading.default\">\n\t\t\t\t<div class=\"elementor-widget-container\">\n\t\t\t\t\t<h3 class=\"elementor-heading-title elementor-size-default\">Albufeira est\u00e1 quente em novembro?<\/h3>\t\t\t\t<\/div>\n\t\t\t\t<\/div>\n\t\t\t\t<div class=\"elementor-element elementor-element-5c852e84 elementor-widget elementor-widget-text-editor\" data-id=\"5c852e84\" data-element_type=\"widget\" data-e-type=\"widget\" data-widget_type=\"text-editor.default\">\n\t\t\t\t<div class=\"elementor-widget-container\">\n\t\t\t\t\t\t\t\t\t<p><\/p><p><span class=\"cf0\">Se a <\/span><span class=\"cf0\">d\u00favida<\/span><span class=\"cf0\"> \u00e9 se Albufeira est\u00e1 <\/span><span class=\"cf0\">quente<\/span><span class=\"cf0\"> em <\/span><span class=\"cf0\">novembro<\/span><span class=\"cf0\">, a <\/span><span class=\"cf0\">resposta<\/span><span class=\"cf0\"> \u00e9 que <\/span><span class=\"cf0\">n\u00e3o<\/span><span class=\"cf0\"> faz calor como no <\/span><span class=\"cf0\">ver\u00e3o<\/span><span class=\"cf0\">, mas o tempo continua <\/span><span class=\"cf0\">agrad\u00e1vel<\/span><span class=\"cf0\">. \u00c9 <\/span><span class=\"cf0\">uma<\/span><span class=\"cf0\"> altura <\/span><span class=\"cf0\">perfeita<\/span><span class=\"cf0\"> para <\/span><span class=\"cf0\">passeios<\/span><span class=\"cf0\">, <\/span><span class=\"cf0\">caminhadas<\/span><span class=\"cf0\"> e at\u00e9 para <\/span><span class=\"cf0\">aproveitar<\/span> <span class=\"cf0\">alguns<\/span><span class=\"cf0\"> momentos <\/span><span class=\"cf0\">na<\/span> <span class=\"cf0\">praia<\/span><span class=\"cf0\">, <\/span><span class=\"cf0\">embora<\/span><span class=\"cf0\"> a <\/span><span class=\"cf0\">\u00e1gua<\/span><span class=\"cf0\"> do mar <\/span><span class=\"cf0\">esteja<\/span><span class=\"cf0\"> mais <\/span><span class=\"cf0\">fria<\/span><span class=\"cf0\">.<\/span><\/p>\t\t\t\t\t\t\t\t<\/div>\n\t\t\t\t<\/div>\n\t\t\t\t<div class=\"elementor-element elementor-element-62cb4238 elementor-widget elementor-widget-heading\" data-id=\"62cb4238\" data-element_type=\"widget\" data-e-type=\"widget\" data-widget_type=\"heading.default\">\n\t\t\t\t<div class=\"elementor-widget-container\">\n\t\t\t\t\t<h3 class=\"elementor-heading-title elementor-size-default\">Qu\u00e3o quente est\u00e1 Albufeira em novembro?<\/h3>\t\t\t\t<\/div>\n\t\t\t\t<\/div>\n\t\t\t\t<div class=\"elementor-element elementor-element-345dea3c elementor-widget elementor-widget-text-editor\" data-id=\"345dea3c\" data-element_type=\"widget\" data-e-type=\"widget\" data-widget_type=\"text-editor.default\">\n\t\t\t\t<div class=\"elementor-widget-container\">\n\t\t\t\t\t\t\t\t\t<p><\/p><p><span class=\"cf0\">Muitos<\/span><span class=\"cf0\"> visitantes <\/span><span class=\"cf0\">perguntam<\/span> <span class=\"cf0\">qu\u00e3o<\/span> <span class=\"cf0\">quente<\/span><span class=\"cf0\"> est\u00e1 Albufeira em <\/span><span class=\"cf0\">novembro<\/span><span class=\"cf0\">, e a <\/span><span class=\"cf0\">resposta<\/span><span class=\"cf0\"> \u00e9 que as temperaturas <\/span><span class=\"cf0\">s\u00e3o<\/span><span class=\"cf0\"> suaves, <\/span><span class=\"cf0\">n\u00e3o<\/span> <span class=\"cf0\">excessivamente<\/span> <span class=\"cf0\">quentes<\/span><span class=\"cf0\">. Durante o dia, a <\/span><span class=\"cf0\">m\u00e9dia<\/span><span class=\"cf0\"> situa-se entre 18\u00b0C e 21\u00b0C, e \u00e0 <\/span><span class=\"cf0\">noite<\/span><span class=\"cf0\"> pode <\/span><span class=\"cf0\">descer<\/span><span class=\"cf0\"> at\u00e9 <\/span><span class=\"cf0\">aos<\/span><span class=\"cf0\"> 12\u00b0C. Nos <\/span><span class=\"cf0\">dias<\/span><span class=\"cf0\"> de sol, especialmente quando <\/span><span class=\"cf0\">n\u00e3o<\/span> <span class=\"cf0\">h\u00e1<\/span><span class=\"cf0\"> vento, o clima \u00e9 bastante <\/span><span class=\"cf0\">agrad\u00e1vel<\/span><span class=\"cf0\"> para <\/span><span class=\"cf0\">atividades<\/span> <span class=\"cf0\">ao<\/span><span class=\"cf0\"> ar livre.<\/span><\/p>\t\t\t\t\t\t\t\t<\/div>\n\t\t\t\t<\/div>\n\t\t\t\t<div class=\"elementor-element elementor-element-668954bb elementor-widget elementor-widget-heading\" data-id=\"668954bb\" data-element_type=\"widget\" data-e-type=\"widget\" data-widget_type=\"heading.default\">\n\t\t\t\t<div class=\"elementor-widget-container\">\n\t\t\t\t\t<h3 class=\"elementor-heading-title elementor-size-default\">Albufeira est\u00e1 quente ou amena em novembro?\n<\/h3>\t\t\t\t<\/div>\n\t\t\t\t<\/div>\n\t\t\t\t<div class=\"elementor-element elementor-element-434cccd7 elementor-widget elementor-widget-text-editor\" data-id=\"434cccd7\" data-element_type=\"widget\" data-e-type=\"widget\" data-widget_type=\"text-editor.default\">\n\t\t\t\t<div class=\"elementor-widget-container\">\n\t\t\t\t\t\t\t\t\t<p><\/p><p><span class=\"cf0\">Ent\u00e3o<\/span><span class=\"cf0\">, Albufeira est\u00e1 <\/span><span class=\"cf0\">quente<\/span> <span class=\"cf0\">ou<\/span><span class=\"cf0\"> amena em <\/span><span class=\"cf0\">novembro<\/span><span class=\"cf0\">? De forma <\/span><span class=\"cf0\">geral<\/span><span class=\"cf0\">, o clima \u00e9 ameno e <\/span><span class=\"cf0\">confort\u00e1vel<\/span><span class=\"cf0\">. Os <\/span><span class=\"cf0\">dias<\/span> <span class=\"cf0\">t\u00eam<\/span> <span class=\"cf0\">uma<\/span><span class=\"cf0\"> boa dose de sol, e as temperaturas <\/span><span class=\"cf0\">tornam<\/span><span class=\"cf0\">-se <\/span><span class=\"cf0\">ideais<\/span><span class=\"cf0\"> para <\/span><span class=\"cf0\">quem<\/span> <span class=\"cf0\">prefere<\/span><span class=\"cf0\"> um tempo mais fresco e tranquilo. <\/span><span class=\"cf0\">Novembro<\/span><span class=\"cf0\"> \u00e9, <\/span><span class=\"cf0\">sem<\/span> <span class=\"cf0\">d\u00favida<\/span><span class=\"cf0\">, <\/span><span class=\"cf0\">uma<\/span><span class=\"cf0\"> excelente <\/span><span class=\"cf0\">op\u00e7\u00e3o<\/span><span class=\"cf0\"> para <\/span><span class=\"cf0\">quem<\/span><span class=\"cf0\"> procura <\/span><span class=\"cf0\">uma<\/span> <span class=\"cf0\">escapadinha<\/span> <span class=\"cf0\">relaxante<\/span><span class=\"cf0\"> no Algarve.<\/span><\/p>\t\t\t\t\t\t\t\t<\/div>\n\t\t\t\t<\/div>\n\t\t\t\t\t<\/div>\n\t\t\t\t<\/div>\n\t\t<div class=\"elementor-element elementor-element-508b0aa6 e-flex e-con-boxed e-con e-parent\" data-id=\"508b0aa6\" data-element_type=\"container\" data-e-type=\"container\">\n\t\t\t\t\t<div class=\"e-con-inner\">\n\t\t\t\t<div class=\"elementor-element elementor-element-7de59621 elementor-widget elementor-widget-image\" data-id=\"7de59621\" data-element_type=\"widget\" data-e-type=\"widget\" data-widget_type=\"image.default\">\n\t\t\t\t<div class=\"elementor-widget-container\">\n\t\t\t\t\t\t\t\t\t\t\t\t\t\t\t<img decoding=\"async\" width=\"1920\" height=\"400\" src=\"https:\/\/www.myportugalexperience.com\/blog\/wp-content\/uploads\/2025\/10\/off-season-albufeira-32.webp\" class=\"attachment-full size-full wp-image-1500\" alt=\"Albufeira em Novembro\" srcset=\"https:\/\/www.myportugalexperience.com\/blog\/wp-content\/uploads\/2025\/10\/off-season-albufeira-32.webp 1920w, https:\/\/www.myportugalexperience.com\/blog\/wp-content\/uploads\/2025\/10\/off-season-albufeira-32-300x63.webp 300w, https:\/\/www.myportugalexperience.com\/blog\/wp-content\/uploads\/2025\/10\/off-season-albufeira-32-1024x213.webp 1024w, https:\/\/www.myportugalexperience.com\/blog\/wp-content\/uploads\/2025\/10\/off-season-albufeira-32-768x160.webp 768w, https:\/\/www.myportugalexperience.com\/blog\/wp-content\/uploads\/2025\/10\/off-season-albufeira-32-1536x320.webp 1536w\" sizes=\"(max-width: 1920px) 100vw, 1920px\" \/>\t\t\t\t\t\t\t\t\t\t\t\t\t\t\t<\/div>\n\t\t\t\t<\/div>\n\t\t\t\t\t<\/div>\n\t\t\t\t<\/div>\n\t\t<div class=\"elementor-element elementor-element-70697561 e-flex e-con-boxed e-con e-parent\" data-id=\"70697561\" data-element_type=\"container\" data-e-type=\"container\">\n\t\t\t\t\t<div class=\"e-con-inner\">\n\t\t\t\t<div class=\"elementor-element elementor-element-666d60be elementor-widget elementor-widget-heading\" data-id=\"666d60be\" data-element_type=\"widget\" data-e-type=\"widget\" data-widget_type=\"heading.default\">\n\t\t\t\t<div class=\"elementor-widget-container\">\n\t\t\t\t\t<h2 class=\"elementor-heading-title elementor-size-default\">Como \u00e9 Albufeira em Novembro?\n<\/h2>\t\t\t\t<\/div>\n\t\t\t\t<\/div>\n\t\t\t\t<div class=\"elementor-element elementor-element-2a69415a elementor-widget elementor-widget-text-editor\" data-id=\"2a69415a\" data-element_type=\"widget\" data-e-type=\"widget\" data-widget_type=\"text-editor.default\">\n\t\t\t\t<div class=\"elementor-widget-container\">\n\t\t\t\t\t\t\t\t\t<p><\/p><p><span class=\"cf0\">Ao<\/span><span class=\"cf0\"> planear <\/span><span class=\"cf0\">uma<\/span> <span class=\"cf0\">viagem<\/span><span class=\"cf0\"> a Portugal, <\/span><span class=\"cf0\">muitos<\/span> <span class=\"cf0\">perguntam<\/span><span class=\"cf0\">-se como est\u00e1 o tempo em Albufeira em <\/span><span class=\"cf0\">novembro<\/span><span class=\"cf0\">. Durante este <\/span><span class=\"cf0\">m\u00eas<\/span><span class=\"cf0\">, a <\/span><span class=\"cf0\">cidade<\/span><span class=\"cf0\"> transforma-se <\/span><span class=\"cf0\">num<\/span> <span class=\"cf0\">ref\u00fagio<\/span><span class=\"cf0\"> tranquilo, <\/span><span class=\"cf0\">perfeito<\/span><span class=\"cf0\"> para <\/span><span class=\"cf0\">quem<\/span> <span class=\"cf0\">quer<\/span><span class=\"cf0\"> escapar das <\/span><span class=\"cf0\">multid\u00f5es<\/span><span class=\"cf0\"> do <\/span><span class=\"cf0\">ver\u00e3o<\/span><span class=\"cf0\">. Viajantes de diferentes <\/span><span class=\"cf0\">perfis<\/span> <span class=\"cf0\">podem<\/span><span class=\"cf0\"> encontrar algo especial em Albufeira em <\/span><span class=\"cf0\">novembro<\/span><span class=\"cf0\">:<\/span><\/p><p><\/p>\t\t\t\t\t\t\t\t<\/div>\n\t\t\t\t<\/div>\n\t\t\t\t<div class=\"elementor-element elementor-element-1251920d elementor-icon-list--layout-traditional elementor-list-item-link-full_width elementor-widget elementor-widget-icon-list\" data-id=\"1251920d\" data-element_type=\"widget\" data-e-type=\"widget\" data-widget_type=\"icon-list.default\">\n\t\t\t\t<div class=\"elementor-widget-container\">\n\t\t\t\t\t\t\t<ul class=\"elementor-icon-list-items\">\n\t\t\t\t\t\t\t<li class=\"elementor-icon-list-item\">\n\t\t\t\t\t\t\t\t\t\t\t<span class=\"elementor-icon-list-icon\">\n\t\t\t\t\t\t\t<svg aria-hidden=\"true\" class=\"e-font-icon-svg e-fas-arrow-right\" viewBox=\"0 0 448 512\" xmlns=\"http:\/\/www.w3.org\/2000\/svg\"><path d=\"M190.5 66.9l22.2-22.2c9.4-9.4 24.6-9.4 33.9 0L441 239c9.4 9.4 9.4 24.6 0 33.9L246.6 467.3c-9.4 9.4-24.6 9.4-33.9 0l-22.2-22.2c-9.5-9.5-9.3-25 .4-34.3L311.4 296H24c-13.3 0-24-10.7-24-24v-32c0-13.3 10.7-24 24-24h287.4L190.9 101.2c-9.8-9.3-10-24.8-.4-34.3z\"><\/path><\/svg>\t\t\t\t\t\t<\/span>\n\t\t\t\t\t\t\t\t\t\t<span class=\"elementor-icon-list-text\">Casais \u00e0 procura de uma escapadinha rom\u00e2ntica: Os pores do sol s\u00e3o deslumbrantes e a atmosfera tranquila torna os passeios \u00e0 beira-mar ou jantares em restaurantes acolhedores ainda mais especiais. Visitar Albufeira em novembro permite desfrutar destes momentos sem as distra\u00e7\u00f5es da \u00e9poca alta.<\/span>\n\t\t\t\t\t\t\t\t\t<\/li>\n\t\t\t\t\t\t\t\t<li class=\"elementor-icon-list-item\">\n\t\t\t\t\t\t\t\t\t\t\t<span class=\"elementor-icon-list-icon\">\n\t\t\t\t\t\t\t<svg aria-hidden=\"true\" class=\"e-font-icon-svg e-fas-arrow-right\" viewBox=\"0 0 448 512\" xmlns=\"http:\/\/www.w3.org\/2000\/svg\"><path d=\"M190.5 66.9l22.2-22.2c9.4-9.4 24.6-9.4 33.9 0L441 239c9.4 9.4 9.4 24.6 0 33.9L246.6 467.3c-9.4 9.4-24.6 9.4-33.9 0l-22.2-22.2c-9.5-9.5-9.3-25 .4-34.3L311.4 296H24c-13.3 0-24-10.7-24-24v-32c0-13.3 10.7-24 24-24h287.4L190.9 101.2c-9.8-9.3-10-24.8-.4-34.3z\"><\/path><\/svg>\t\t\t\t\t\t<\/span>\n\t\t\t\t\t\t\t\t\t\t<span class=\"elementor-icon-list-text\">Viajantes individuais e n\u00f3madas digitais: Com menos turistas, \u00e9 mais f\u00e1cil concentrar-se, trabalhar remotamente ou simplesmente recarregar energias enquanto se aprecia a paisagem do Algarve. Pensar em como est\u00e1 o tempo em Albufeira em novembro ajuda a planear dias tranquilos de passeios, caminhadas nas fal\u00e9sias e pausas relaxantes para um caf\u00e9.<\/span>\n\t\t\t\t\t\t\t\t\t<\/li>\n\t\t\t\t\t\t\t\t<li class=\"elementor-icon-list-item\">\n\t\t\t\t\t\t\t\t\t\t\t<span class=\"elementor-icon-list-icon\">\n\t\t\t\t\t\t\t<svg aria-hidden=\"true\" class=\"e-font-icon-svg e-fas-arrow-right\" viewBox=\"0 0 448 512\" xmlns=\"http:\/\/www.w3.org\/2000\/svg\"><path d=\"M190.5 66.9l22.2-22.2c9.4-9.4 24.6-9.4 33.9 0L441 239c9.4 9.4 9.4 24.6 0 33.9L246.6 467.3c-9.4 9.4-24.6 9.4-33.9 0l-22.2-22.2c-9.5-9.5-9.3-25 .4-34.3L311.4 296H24c-13.3 0-24-10.7-24-24v-32c0-13.3 10.7-24 24-24h287.4L190.9 101.2c-9.8-9.3-10-24.8-.4-34.3z\"><\/path><\/svg>\t\t\t\t\t\t<\/span>\n\t\t\t\t\t\t\t\t\t\t<span class=\"elementor-icon-list-text\">Fam\u00edlias com filhos mais velhos ou adolescentes: Embora a \u00e1gua do mar esteja mais fria, ainda h\u00e1 muitas atividades ao ar livre e experi\u00eancias culturais. Explorar Albufeira em novembro permite que as fam\u00edlias aproveitem os s\u00edtios hist\u00f3ricos, museus e passeios c\u00e9nicos a um ritmo confort\u00e1vel.<\/span>\n\t\t\t\t\t\t\t\t\t<\/li>\n\t\t\t\t\t\t\t\t<li class=\"elementor-icon-list-item\">\n\t\t\t\t\t\t\t\t\t\t\t<span class=\"elementor-icon-list-icon\">\n\t\t\t\t\t\t\t<svg aria-hidden=\"true\" class=\"e-font-icon-svg e-fas-arrow-right\" viewBox=\"0 0 448 512\" xmlns=\"http:\/\/www.w3.org\/2000\/svg\"><path d=\"M190.5 66.9l22.2-22.2c9.4-9.4 24.6-9.4 33.9 0L441 239c9.4 9.4 9.4 24.6 0 33.9L246.6 467.3c-9.4 9.4-24.6 9.4-33.9 0l-22.2-22.2c-9.5-9.5-9.3-25 .4-34.3L311.4 296H24c-13.3 0-24-10.7-24-24v-32c0-13.3 10.7-24 24-24h287.4L190.9 101.2c-9.8-9.3-10-24.8-.4-34.3z\"><\/path><\/svg>\t\t\t\t\t\t<\/span>\n\t\t\t\t\t\t\t\t\t\t<span class=\"elementor-icon-list-text\">Amantes da natureza e da fotografia: A luz suave do outono, as praias desertas e as fal\u00e9sias dram\u00e1ticas tornam Albufeira em novembro perfeita para tirar fotos incr\u00edveis e desfrutar da natureza sem multid\u00f5es. Saber como est\u00e1 o tempo em Albufeira em novembro ajuda a planear os melhores locais para capturar o nascer e o p\u00f4r do sol.<\/span>\n\t\t\t\t\t\t\t\t\t<\/li>\n\t\t\t\t\t\t<\/ul>\n\t\t\t\t\t\t<\/div>\n\t\t\t\t<\/div>\n\t\t\t\t\t<\/div>\n\t\t\t\t<\/div>\n\t\t<div class=\"elementor-element elementor-element-386a86b5 e-flex e-con-boxed e-con e-parent\" data-id=\"386a86b5\" data-element_type=\"container\" data-e-type=\"container\">\n\t\t\t\t\t<div class=\"e-con-inner\">\n\t\t\t\t<div class=\"elementor-element elementor-element-21ffc001 elementor-widget elementor-widget-heading\" data-id=\"21ffc001\" data-element_type=\"widget\" data-e-type=\"widget\" data-widget_type=\"heading.default\">\n\t\t\t\t<div class=\"elementor-widget-container\">\n\t\t\t\t\t<h2 class=\"elementor-heading-title elementor-size-default\">Perguntas Frequentes sobre Albufeira em Novembro<\/h2>\t\t\t\t<\/div>\n\t\t\t\t<\/div>\n\t\t\t\t<div class=\"elementor-element elementor-element-67ef3778 elementor-widget elementor-widget-text-editor\" data-id=\"67ef3778\" data-element_type=\"widget\" data-e-type=\"widget\" data-widget_type=\"text-editor.default\">\n\t\t\t\t<div class=\"elementor-widget-container\">\n\t\t\t\t\t\t\t\t\t<h5 style=\"padding-left: 40px;\"><strong>1. Albufeira est\u00e1 aberta em novembro?<br \/><\/strong><\/h5><p style=\"padding-left: 40px;\">Sim, Albufeira est\u00e1 aberta em novembro, com a maioria das lojas, restaurantes e atra\u00e7\u00f5es a receber visitantes.<\/p><h5 style=\"padding-left: 40px;\"><strong>2. A Strip em Albufeira est\u00e1 aberta em novembro?<br \/><\/strong><\/h5><p style=\"padding-left: 40px;\">A Strip est\u00e1 parcialmente aberta em novembro, com muitos bares e restaurantes a funcionar, embora algumas casas noturnas possam estar fechadas.<\/p><h5 style=\"padding-left: 40px;\"><strong>3. Albufeira est\u00e1 cheia em novembro?<br \/><\/strong><\/h5><p style=\"padding-left: 40px;\">N\u00e3o, Albufeira est\u00e1 muito mais tranquila em novembro, com bem menos turistas do que nos meses de ver\u00e3o.<\/p>\t\t\t\t\t\t\t\t<\/div>\n\t\t\t\t<\/div>\n\t\t\t\t\t<\/div>\n\t\t\t\t<\/div>\n\t\t<div class=\"elementor-element elementor-element-2d06bc13 e-flex e-con-boxed e-con e-parent\" data-id=\"2d06bc13\" data-element_type=\"container\" data-e-type=\"container\">\n\t\t\t\t\t<div class=\"e-con-inner\">\n\t\t\t\t<div class=\"elementor-element elementor-element-334f58e7 elementor-widget elementor-widget-image\" data-id=\"334f58e7\" data-element_type=\"widget\" data-e-type=\"widget\" data-widget_type=\"image.default\">\n\t\t\t\t<div class=\"elementor-widget-container\">\n\t\t\t\t\t\t\t\t\t\t\t\t\t\t\t<img decoding=\"async\" width=\"1920\" height=\"400\" src=\"https:\/\/www.myportugalexperience.com\/blog\/wp-content\/uploads\/2025\/10\/off-season-albufeira-34.webp\" class=\"attachment-full size-full wp-image-1504\" alt=\"Albufeira em Novembro\" srcset=\"https:\/\/www.myportugalexperience.com\/blog\/wp-content\/uploads\/2025\/10\/off-season-albufeira-34.webp 1920w, https:\/\/www.myportugalexperience.com\/blog\/wp-content\/uploads\/2025\/10\/off-season-albufeira-34-300x63.webp 300w, https:\/\/www.myportugalexperience.com\/blog\/wp-content\/uploads\/2025\/10\/off-season-albufeira-34-1024x213.webp 1024w, https:\/\/www.myportugalexperience.com\/blog\/wp-content\/uploads\/2025\/10\/off-season-albufeira-34-768x160.webp 768w, https:\/\/www.myportugalexperience.com\/blog\/wp-content\/uploads\/2025\/10\/off-season-albufeira-34-1536x320.webp 1536w\" sizes=\"(max-width: 1920px) 100vw, 1920px\" \/>\t\t\t\t\t\t\t\t\t\t\t\t\t\t\t<\/div>\n\t\t\t\t<\/div>\n\t\t\t\t\t<\/div>\n\t\t\t\t<\/div>\n\t\t<div class=\"elementor-element elementor-element-511965b3 e-flex e-con-boxed e-con e-parent\" data-id=\"511965b3\" data-element_type=\"container\" data-e-type=\"container\">\n\t\t\t\t\t<div class=\"e-con-inner\">\n\t\t\t\t<div class=\"elementor-element elementor-element-5ea0bd6a elementor-widget elementor-widget-heading\" data-id=\"5ea0bd6a\" data-element_type=\"widget\" data-e-type=\"widget\" data-widget_type=\"heading.default\">\n\t\t\t\t<div class=\"elementor-widget-container\">\n\t\t\t\t\t<h2 class=\"elementor-heading-title elementor-size-default\">Coisas para fazer em Albufeira em Novembro<\/h2>\t\t\t\t<\/div>\n\t\t\t\t<\/div>\n\t\t\t\t<div class=\"elementor-element elementor-element-78851214 elementor-widget elementor-widget-text-editor\" data-id=\"78851214\" data-element_type=\"widget\" data-e-type=\"widget\" data-widget_type=\"text-editor.default\">\n\t\t\t\t<div class=\"elementor-widget-container\">\n\t\t\t\t\t\t\t\t\t<p><\/p><p><span class=\"cf0\">Mesmo que <\/span><span class=\"cf0\">n\u00e3o<\/span><span class=\"cf0\"> passe o dia <\/span><span class=\"cf0\">inteiro<\/span> <span class=\"cf0\">na<\/span> <span class=\"cf0\">praia<\/span><span class=\"cf0\">, <\/span><span class=\"cf0\">h\u00e1<\/span> <span class=\"cf0\">muitas<\/span> <span class=\"cf0\">coisas<\/span><span class=\"cf0\"> para <\/span><span class=\"cf0\">fazer<\/span><span class=\"cf0\"> em Albufeira em <\/span><span class=\"cf0\">novembro<\/span><span class=\"cf0\">:<\/span><\/p><ol><li><strong>Pausas para caf\u00e9 com vista<\/strong> \u2013 reserve um momento para relaxar nos caf\u00e9s locais com vista para o oceano, aproveitando o ar fresco de novembro enquanto planeia a sua pr\u00f3xima aventura.<\/li><li><p><strong><span class=\"cf0\">Golfe e <\/span><span class=\"cf0\">desportos<\/span> <span class=\"cf0\">ao<\/span><span class=\"cf0\"> ar livre <\/span><\/strong><span class=\"cf1\">\u2013 com temperaturas amenas e campos <\/span><span class=\"cf1\">vazios<\/span><span class=\"cf1\">, <\/span><span class=\"cf1\">novembro<\/span> <span class=\"cf0\">\u00e9 ideal para <\/span><span class=\"cf0\">uma<\/span><span class=\"cf0\"> ronda de <\/span><span class=\"cf0\">golfe<\/span> <span class=\"cf0\">ou<\/span><span class=\"cf0\"> at\u00e9 para experimentar <\/span><span class=\"cf0\">passeios<\/span><span class=\"cf0\"> a cavalo pelo litoral <\/span><span class=\"cf0\">ou<\/span><span class=\"cf0\"> pelo interior.<\/span><\/p><\/li><li><p><strong><span class=\"cf0\">Paragens<\/span> <span class=\"cf0\">culturais<\/span><span class=\"cf0\"> e <\/span><span class=\"cf0\">museus<\/span> <\/strong><span class=\"cf1\">\u2013 explore igrejas, <\/span><span class=\"cf1\">pequenos<\/span> <span class=\"cf1\">museus<\/span><span class=\"cf1\"> e marcos hist<\/span><span class=\"cf0\">\u00f3ricos, <\/span><span class=\"cf0\">aproveitando<\/span><span class=\"cf0\"> as <\/span><span class=\"cf0\">ruas<\/span><span class=\"cf0\"> mais calmas para se <\/span><span class=\"cf0\">imergir<\/span><span class=\"cf0\"> plenamente <\/span><span class=\"cf0\">na<\/span><span class=\"cf0\"> cultura <\/span><span class=\"cf0\">algarvia<\/span><span class=\"cf0\">.<\/span><\/p><\/li><li><p><strong><span class=\"cf0\">Caminhadas<\/span><span class=\"cf0\"> pelos Sete Vales Suspensos <\/span><\/strong><span class=\"cf1\">\u2013 o clima mais ameno e os <\/span><span class=\"cf1\">trilhos<\/span><span class=\"cf1\"> tranquilos <\/span><span class=\"cf1\">tornam<\/span><span class=\"cf1\"> este <\/span><span class=\"cf1\">m<\/span><span class=\"cf0\">\u00eas<\/span> <span class=\"cf0\">perfeito<\/span><span class=\"cf0\"> para <\/span><span class=\"cf0\">passeios<\/span> <span class=\"cf0\">c\u00e9nicos<\/span><span class=\"cf0\"> pelas <\/span><span class=\"cf0\">fal\u00e9sias<\/span><span class=\"cf0\"> e fotografia.<\/span><\/p><\/li><li><p><span class=\"cf0\"><strong>Aventuras de surf<\/strong> <\/span><span class=\"cf1\">\u2013 <\/span><span class=\"cf1\">Novembro<\/span> <span class=\"cf1\">traz<\/span><span class=\"cf1\"> ondas um <\/span><span class=\"cf1\">pouco<\/span> <span class=\"cf1\">maiores<\/span><span class=\"cf1\">, <\/span><span class=\"cf1\">perfeitas<\/span><span class=\"cf1\"> para surfistas iniciantes e <\/span><span class=\"cf1\">interm<\/span><span class=\"cf0\">\u00e9dios<\/span><span class=\"cf0\">. As <\/span><span class=\"cf0\">escolas<\/span><span class=\"cf0\"> de surf <\/span><span class=\"cf0\">locais<\/span> <span class=\"cf0\">est\u00e3o<\/span> <span class=\"cf0\">abertas<\/span><span class=\"cf0\">, <\/span><span class=\"cf0\">oferecendo<\/span><span class=\"cf0\"> aulas e <\/span><span class=\"cf0\">aluguer<\/span><span class=\"cf0\"> de <\/span><span class=\"cf0\">pranchas<\/span><span class=\"cf0\">, tornando esta \u00e9poca ideal para <\/span><span class=\"cf0\">apanhar<\/span> <span class=\"cf0\">algumas<\/span><span class=\"cf0\"> ondas do <\/span><span class=\"cf0\">Atl\u00e2ntico<\/span><span class=\"cf0\">.<\/span><\/p><\/li><\/ol>\t\t\t\t\t\t\t\t<\/div>\n\t\t\t\t<\/div>\n\t\t\t\t\t<\/div>\n\t\t\t\t<\/div>\n\t\t<div class=\"elementor-element elementor-element-229b40d3 e-flex e-con-boxed e-con e-parent\" data-id=\"229b40d3\" data-element_type=\"container\" data-e-type=\"container\">\n\t\t\t\t\t<div class=\"e-con-inner\">\n\t\t\t\t<div class=\"elementor-element elementor-element-2efcf704 elementor-widget elementor-widget-heading\" data-id=\"2efcf704\" data-element_type=\"widget\" data-e-type=\"widget\" data-widget_type=\"heading.default\">\n\t\t\t\t<div class=\"elementor-widget-container\">\n\t\t\t\t\t<h2 class=\"elementor-heading-title elementor-size-default\">Porqu\u00ea ficar em Albufeira em Novembro?<\/h2>\t\t\t\t<\/div>\n\t\t\t\t<\/div>\n\t\t\t\t<div class=\"elementor-element elementor-element-3bb62773 elementor-widget elementor-widget-text-editor\" data-id=\"3bb62773\" data-element_type=\"widget\" data-e-type=\"widget\" data-widget_type=\"text-editor.default\">\n\t\t\t\t<div class=\"elementor-widget-container\">\n\t\t\t\t\t\t\t\t\t<p><\/p><p><span class=\"cf0\">Em <\/span><span class=\"cf0\">novembro<\/span><span class=\"cf0\">, os <\/span><span class=\"cf0\">alojamentos<\/span><span class=\"cf0\"> de <\/span><span class=\"cf0\">f\u00e9rias<\/span> <span class=\"cf0\">costumam<\/span><span class=\"cf0\"> ser mais econ\u00f3micos do que os <\/span><span class=\"cf0\">hot\u00e9is<\/span> <span class=\"cf0\">ou<\/span><span class=\"cf0\"> os <\/span><span class=\"cf0\">pre\u00e7os<\/span><span class=\"cf0\"> do <\/span><span class=\"cf0\">ver\u00e3o<\/span><span class=\"cf0\">, e \u00e9 <\/span><span class=\"cf0\">poss\u00edvel<\/span><span class=\"cf0\"> encontrar <\/span><span class=\"cf0\">\u00f3timas<\/span><span class=\"cf0\"> ofertas em \u00e1reas <\/span><span class=\"cf0\">centrais<\/span> <span class=\"cf0\">ou<\/span> <span class=\"cf0\">perto<\/span><span class=\"cf0\"> da <\/span><span class=\"cf0\">praia<\/span><span class=\"cf0\">. Com menos turistas, pode desfrutar de <\/span><span class=\"cf0\">uma<\/span> <span class=\"cf0\">experi\u00eancia<\/span><span class=\"cf0\"> mais tranquila e personalizada, <\/span><span class=\"cf0\">enquanto<\/span> <span class=\"cf0\">ainda<\/span> <span class=\"cf0\">tem<\/span><span class=\"cf0\"> restaurantes, bares e <\/span><span class=\"cf0\">atividades<\/span><span class=\"cf0\"> por <\/span><span class=\"cf0\">perto<\/span> <span class=\"cf1\">\u2014 tornando esta <\/span><span class=\"cf0\">\u00e9poca ideal para reservar a sua <\/span><span class=\"cf0\">estadia<\/span><span class=\"cf0\">.<\/span><\/p><p><\/p>\t\t\t\t\t\t\t\t<\/div>\n\t\t\t\t<\/div>\n\t\t\t\t<div class=\"elementor-element elementor-element-21b304db elementor-widget elementor-widget-grid\" data-id=\"21b304db\" data-element_type=\"widget\" data-e-type=\"widget\" data-widget_type=\"grid.default\">\n\t\t\t\t<div class=\"elementor-widget-container\">\n\t\t\t\t\t\t\t<div class=\"its--row alojamientos-recomendados\">\n\n\t\t\t<div class=\"alojamientos-recomendados-container\">\n\n\t\t\t\t\t\n\t\t\t\t\t<a href=\"https:\/\/www.myportugalexperience.com\/aluguer\/apartamento-albufeira-roma-vista-mar-5-min-baixa-albufeira-ac-268214.html\" rel=\"nofollow\" style=\"width: 23%;\">\n\t\t\t\t\t\t<div class=\"apartamento-box\">\n\t\t\t\t\t\t\t<div class=\"imagen_recomendados\">\n\t\t\t\t\t\t\t\t<img decoding=\"async\" src=\"https:\/\/crs.avantio.com\/fotos\/2\/1543610749351ae2e39ca7119cf5f41d686df599f0\/big1707911291a0dadcb75acabf35dcfd91e43fae01dc.jpg\" alt=\"Apt. Rom\u00e3 OCV - Vista Mar\">\n\t\t\t\t\t\t\t<\/div>\n\t\t\t\t\t\t\t<div class=\"info\">\n\t\t\t\t\t\t\t\t<div class=\"ubicacion\">\n\t\t\t\t\t\t\t\t\t<i class=\"fa-solid fa-location-dot icono-mapa\"><\/i><span class=\"ubicacion-texto\">Albufeira - Algarve<\/span>\n\t\t\t\t\t\t\t\t<\/div>\n\t\t\t\t\t\t\t\t<H4 class=\"titulo-alojamiento\">\n\t\t\t\t\t\t\t\t\tApt. Rom\u00e3 OCV - Vista Mar\t\t\t\t\t\t\t\t<\/H4>\n\t\t\t\t\t\t\t\t<p class=\"precio-alojamiento\">De <span class=\"precio\">57.00\u20ac<\/span> por noite<\/p>\n\t\t\t\t\t\t\t<\/div>\n\t\t\t\t\t\t<\/div>\n\t\t\t\t\t<\/a> \n\t\t\t\t\t\t\n\t\t\t\t\t<a href=\"https:\/\/www.myportugalexperience.com\/aluguer\/apartamento-albufeira-figo-apartamento-luxuoso-5-min-baixa-albufeira-268215.html\" rel=\"nofollow\" style=\"width: 23%;\">\n\t\t\t\t\t\t<div class=\"apartamento-box\">\n\t\t\t\t\t\t\t<div class=\"imagen_recomendados\">\n\t\t\t\t\t\t\t\t<img decoding=\"async\" src=\"https:\/\/crs.avantio.com\/fotos\/2\/15436106751f93c44194055f322b47be2f3ea0fe30\/big15446959844c51e5c9ac34fb01d784c715b0118505.jpg\" alt=\"Apt. Figo OCV - Vista Mar\">\n\t\t\t\t\t\t\t<\/div>\n\t\t\t\t\t\t\t<div class=\"info\">\n\t\t\t\t\t\t\t\t<div class=\"ubicacion\">\n\t\t\t\t\t\t\t\t\t<i class=\"fa-solid fa-location-dot icono-mapa\"><\/i><span class=\"ubicacion-texto\">Albufeira - Algarve<\/span>\n\t\t\t\t\t\t\t\t<\/div>\n\t\t\t\t\t\t\t\t<H4 class=\"titulo-alojamiento\">\n\t\t\t\t\t\t\t\t\tApt. Figo OCV - Vista Mar\t\t\t\t\t\t\t\t<\/H4>\n\t\t\t\t\t\t\t\t<p class=\"precio-alojamiento\">De <span class=\"precio\">61.00\u20ac<\/span> por noite<\/p>\n\t\t\t\t\t\t\t<\/div>\n\t\t\t\t\t\t<\/div>\n\t\t\t\t\t<\/a> \n\t\t\t\t\t\t\n\t\t\t\t\t<a href=\"https:\/\/www.myportugalexperience.com\/aluguer\/apartamento-albufeira-alfarroba-apt-com-terraco-5min-baixa-albufeira-268216.html\" rel=\"nofollow\" style=\"width: 23%;\">\n\t\t\t\t\t\t<div class=\"apartamento-box\">\n\t\t\t\t\t\t\t<div class=\"imagen_recomendados\">\n\t\t\t\t\t\t\t\t<img decoding=\"async\" src=\"https:\/\/crs.avantio.com\/fotos\/2\/1543610715f0d15cbbe01b3e13ffb7a4ae0ffeae4f\/big170790723086871f86e388769feff1a0670a42eda4.jpg\" alt=\"Apt. Alfarroba OCV - 5min Centro\">\n\t\t\t\t\t\t\t<\/div>\n\t\t\t\t\t\t\t<div class=\"info\">\n\t\t\t\t\t\t\t\t<div class=\"ubicacion\">\n\t\t\t\t\t\t\t\t\t<i class=\"fa-solid fa-location-dot icono-mapa\"><\/i><span class=\"ubicacion-texto\">Albufeira - Algarve<\/span>\n\t\t\t\t\t\t\t\t<\/div>\n\t\t\t\t\t\t\t\t<H4 class=\"titulo-alojamiento\">\n\t\t\t\t\t\t\t\t\tApt. Alfarroba OCV - 5min Centro\t\t\t\t\t\t\t\t<\/H4>\n\t\t\t\t\t\t\t\t<p class=\"precio-alojamiento\">De <span class=\"precio\">31.00\u20ac<\/span> por noite<\/p>\n\t\t\t\t\t\t\t<\/div>\n\t\t\t\t\t\t<\/div>\n\t\t\t\t\t<\/a> \n\t\t\t\t\t\t\n\t\t\t\t\t<a href=\"https:\/\/www.myportugalexperience.com\/aluguer\/apartamento-albufeira-old-town-moderno-e-luxuoso-a-5min-ate-praia-albu-268217.html\" rel=\"nofollow\" style=\"width: 23%;\">\n\t\t\t\t\t\t<div class=\"apartamento-box\">\n\t\t\t\t\t\t\t<div class=\"imagen_recomendados\">\n\t\t\t\t\t\t\t\t<img decoding=\"async\" src=\"https:\/\/crs.avantio.com\/fotos\/2\/1543612007e7e83f6f29aec9c0cb31170febf01d5a\/big16977267689448e09de29fdb4b8cf58aa28b4bcdb3.jpg\" alt=\"Apt. Old Town OCV - 3min Praia\">\n\t\t\t\t\t\t\t<\/div>\n\t\t\t\t\t\t\t<div class=\"info\">\n\t\t\t\t\t\t\t\t<div class=\"ubicacion\">\n\t\t\t\t\t\t\t\t\t<i class=\"fa-solid fa-location-dot icono-mapa\"><\/i><span class=\"ubicacion-texto\">Albufeira - Algarve<\/span>\n\t\t\t\t\t\t\t\t<\/div>\n\t\t\t\t\t\t\t\t<H4 class=\"titulo-alojamiento\">\n\t\t\t\t\t\t\t\t\tApt. Old Town OCV - 3min Praia\t\t\t\t\t\t\t\t<\/H4>\n\t\t\t\t\t\t\t\t<p class=\"precio-alojamiento\">De <span class=\"precio\">97.00\u20ac<\/span> por noite<\/p>\n\t\t\t\t\t\t\t<\/div>\n\t\t\t\t\t\t<\/div>\n\t\t\t\t\t<\/a> \n\t\t\t\t\t\t\t\t<\/div>\n\t\t\t<\/div>\n\t\t\t\t\t\t<\/div>\n\t\t\t\t<\/div>\n\t\t\t\t\t<\/div>\n\t\t\t\t<\/div>\n\t\t<div class=\"elementor-element elementor-element-72c56da1 e-flex e-con-boxed e-con e-parent\" data-id=\"72c56da1\" data-element_type=\"container\" data-e-type=\"container\">\n\t\t\t\t\t<div class=\"e-con-inner\">\n\t\t\t\t<div class=\"elementor-element elementor-element-5130b095 elementor-widget elementor-widget-heading\" data-id=\"5130b095\" data-element_type=\"widget\" data-e-type=\"widget\" data-widget_type=\"heading.default\">\n\t\t\t\t<div class=\"elementor-widget-container\">\n\t\t\t\t\t<h2 class=\"elementor-heading-title elementor-size-default\">Resumindo, Albufeira \u00e9 boa em novembro?<\/h2>\t\t\t\t<\/div>\n\t\t\t\t<\/div>\n\t\t\t\t<div class=\"elementor-element elementor-element-6a53b62f elementor-widget elementor-widget-text-editor\" data-id=\"6a53b62f\" data-element_type=\"widget\" data-e-type=\"widget\" data-widget_type=\"text-editor.default\">\n\t\t\t\t<div class=\"elementor-widget-container\">\n\t\t\t\t\t\t\t\t\t<p><span class=\"cf0\">Sem <\/span><span class=\"cf0\">d\u00favida<\/span> <span class=\"cf1\">\u2014 Albufeira em <\/span><span class=\"cf1\">novembro<\/span> <span class=\"cf1\">oferece<\/span><span class=\"cf1\"> um clima ameno, menos turistas e <\/span><span class=\"cf1\">uma<\/span><span class=\"cf1\"> grande <\/span><span class=\"cf1\">variedade<\/span><span class=\"cf1\"> de <\/span><span class=\"cf1\">atividades<\/span><span class=\"cf1\">, desde surf e <\/span><span class=\"cf1\">caminhadas<\/span><span class=\"cf1\"> at<\/span><span class=\"cf0\">\u00e9 explorar a <\/span><span class=\"cf0\">Cidade<\/span> <span class=\"cf0\">Velha<\/span><span class=\"cf0\">, <\/span><span class=\"cf0\">s\u00edtios<\/span> <span class=\"cf0\">culturais<\/span><span class=\"cf0\"> e mercados de <\/span><span class=\"cf0\">produtos<\/span> <span class=\"cf0\">sazonais<\/span><span class=\"cf0\">. Os <\/span><span class=\"cf0\">alojamentos<\/span><span class=\"cf0\"> de <\/span><span class=\"cf0\">f\u00e9rias<\/span> <span class=\"cf0\">s\u00e3o<\/span><span class=\"cf0\"> mais <\/span><span class=\"cf0\">acess\u00edveis<\/span><span class=\"cf0\">, as <\/span><span class=\"cf0\">ruas<\/span> <span class=\"cf0\">est\u00e3o<\/span><span class=\"cf0\"> tranquilas e <\/span><span class=\"cf0\">ainda<\/span> <span class=\"cf0\">existem<\/span> <span class=\"cf0\">muitos<\/span><span class=\"cf0\"> restaurantes, bares e <\/span><span class=\"cf0\">op\u00e7\u00f5es<\/span><span class=\"cf0\"> de <\/span><span class=\"cf0\">entretenimento<\/span><span class=\"cf0\"> por <\/span><span class=\"cf0\">perto<\/span><span class=\"cf0\">. <\/span><\/p><p><span class=\"cf0\">Quer <\/span><span class=\"cf0\">seja<\/span><span class=\"cf0\"> um casal, um viajante <\/span><span class=\"cf0\">sozinho<\/span><span class=\"cf0\">, <\/span><span class=\"cf0\">uma<\/span> <span class=\"cf0\">fam\u00edlia<\/span> <span class=\"cf0\">ou<\/span><span class=\"cf0\"> um amante da <\/span><span class=\"cf0\">natureza<\/span><span class=\"cf0\">, o que <\/span><span class=\"cf0\">fazer<\/span><span class=\"cf0\"> em Albufeira em <\/span><span class=\"cf0\">novembro<\/span><span class=\"cf0\"> garante o <\/span><span class=\"cf0\">equil\u00edbrio<\/span> <span class=\"cf0\">perfeito<\/span><span class=\"cf0\"> entre <\/span><span class=\"cf0\">relaxamento<\/span><span class=\"cf0\"> e aventura, tornando esta \u00e9poca ideal para <\/span><span class=\"cf0\">uma<\/span> <span class=\"cf0\">escapadinha<\/span><span class=\"cf0\"> fora de temporada no Algarve.<\/span><\/p>\t\t\t\t\t\t\t\t<\/div>\n\t\t\t\t<\/div>\n\t\t\t\t<div class=\"elementor-element elementor-element-413f53c4 elementor-align-left elementor-widget elementor-widget-button\" data-id=\"413f53c4\" data-element_type=\"widget\" data-e-type=\"widget\" data-widget_type=\"button.default\">\n\t\t\t\t<div class=\"elementor-widget-container\">\n\t\t\t\t\t\t\t\t\t<div class=\"elementor-button-wrapper\">\n\t\t\t\t\t<a class=\"elementor-button elementor-button-link elementor-size-sm\" href=\"https:\/\/www.myportugalexperience.com\/en\/rentals\/holidays-rentals-rentals-e0\/\">\n\t\t\t\t\t\t<span class=\"elementor-button-content-wrapper\">\n\t\t\t\t\t\t\t\t\t<span class=\"elementor-button-text\">Confira mais alojamentos<\/span>\n\t\t\t\t\t<\/span>\n\t\t\t\t\t<\/a>\n\t\t\t\t<\/div>\n\t\t\t\t\t\t\t\t<\/div>\n\t\t\t\t<\/div>\n\t\t\t\t\t<\/div>\n\t\t\t\t<\/div>\n\t\t\t\t<\/div>\n\t\t","protected":false},"excerpt":{"rendered":"<p>Albufeira em Novembro Visitar Albufeira em novembro \u00e9 descobrir um lado mais aut\u00eantico e tranquilo deste famoso destino do Algarve. Com o fim da \u00e9poca alta, as ruas ficam mais calmas, o clima continua ameno e a beleza da costa algarvia mant\u00e9m todo o seu encanto. \u00c9 o momento ideal para explorar as praias sem [&hellip;]<\/p>\n","protected":false},"author":3,"featured_media":1497,"comment_status":"open","ping_status":"open","sticky":false,"template":"","format":"standard","meta":{"footnotes":""},"categories":[50],"tags":[],"class_list":["post-1462","post","type-post","status-publish","format-standard","has-post-thumbnail","hentry","category-epoca-baixa"],"yoast_head":"<!-- This site is optimized with the Yoast SEO plugin v26.5 - https:\/\/yoast.com\/wordpress\/plugins\/seo\/ -->\n<title>Albufeira em Novembro | My Portugal Experience by OC Villas<\/title>\n<meta name=\"description\" content=\"A pensar em visitar Albufeira em Novembro? Este m\u00eas \u00e9 uma \u00f3tima altura para explorar o Algarve sem as multid\u00f5es de ver\u00e3o.\" \/>\n<meta name=\"robots\" content=\"index, follow, max-snippet:-1, max-image-preview:large, max-video-preview:-1\" \/>\n<link rel=\"canonical\" href=\"https:\/\/www.myportugalexperience.com\/blog\/albufeira-em-novembro\/\" \/>\n<meta property=\"og:locale\" content=\"pt_PT\" \/>\n<meta property=\"og:type\" content=\"article\" \/>\n<meta property=\"og:title\" content=\"Albufeira em Novembro | My Portugal Experience by OC Villas\" \/>\n<meta property=\"og:description\" content=\"A pensar em visitar Albufeira em Novembro? Este m\u00eas \u00e9 uma \u00f3tima altura para explorar o Algarve sem as multid\u00f5es de ver\u00e3o.\" \/>\n<meta property=\"og:url\" content=\"https:\/\/www.myportugalexperience.com\/blog\/albufeira-em-novembro\/\" \/>\n<meta property=\"og:site_name\" content=\"Blog\" \/>\n<meta property=\"article:published_time\" content=\"2025-10-14T07:44:28+00:00\" \/>\n<meta property=\"article:modified_time\" content=\"2025-11-17T13:48:28+00:00\" \/>\n<meta property=\"og:image\" content=\"https:\/\/www.myportugalexperience.com\/blog\/wp-content\/uploads\/2025\/10\/off-season-albufeira-31.webp\" \/>\n\t<meta property=\"og:image:width\" content=\"1920\" \/>\n\t<meta property=\"og:image:height\" content=\"400\" \/>\n\t<meta property=\"og:image:type\" content=\"image\/webp\" \/>\n<meta name=\"author\" content=\"digitalservices@avantio.com\" \/>\n<meta name=\"twitter:card\" content=\"summary_large_image\" \/>\n<meta name=\"twitter:label1\" content=\"Written by\" \/>\n\t<meta name=\"twitter:data1\" content=\"digitalservices@avantio.com\" \/>\n\t<meta name=\"twitter:label2\" content=\"Est. reading time\" \/>\n\t<meta name=\"twitter:data2\" content=\"8 minutes\" \/>\n<script type=\"application\/ld+json\" class=\"yoast-schema-graph\">{\"@context\":\"https:\/\/schema.org\",\"@graph\":[{\"@type\":\"WebPage\",\"@id\":\"https:\/\/www.myportugalexperience.com\/blog\/albufeira-em-novembro\/\",\"url\":\"https:\/\/www.myportugalexperience.com\/blog\/albufeira-em-novembro\/\",\"name\":\"Albufeira em Novembro | My Portugal Experience by OC Villas\",\"isPartOf\":{\"@id\":\"https:\/\/www.myportugalexperience.com\/blog\/#website\"},\"primaryImageOfPage\":{\"@id\":\"https:\/\/www.myportugalexperience.com\/blog\/albufeira-em-novembro\/#primaryimage\"},\"image\":{\"@id\":\"https:\/\/www.myportugalexperience.com\/blog\/albufeira-em-novembro\/#primaryimage\"},\"thumbnailUrl\":\"https:\/\/www.myportugalexperience.com\/blog\/wp-content\/uploads\/2025\/10\/off-season-albufeira-31.webp\",\"datePublished\":\"2025-10-14T07:44:28+00:00\",\"dateModified\":\"2025-11-17T13:48:28+00:00\",\"author\":{\"@id\":\"https:\/\/www.myportugalexperience.com\/blog\/#\/schema\/person\/84c6ca0c9ac4c40b8c99d5028ca58a22\"},\"description\":\"A pensar em visitar Albufeira em Novembro? Este m\u00eas \u00e9 uma \u00f3tima altura para explorar o Algarve sem as multid\u00f5es de ver\u00e3o.\",\"breadcrumb\":{\"@id\":\"https:\/\/www.myportugalexperience.com\/blog\/albufeira-em-novembro\/#breadcrumb\"},\"inLanguage\":\"pt\",\"potentialAction\":[{\"@type\":\"ReadAction\",\"target\":[\"https:\/\/www.myportugalexperience.com\/blog\/albufeira-em-novembro\/\"]}]},{\"@type\":\"ImageObject\",\"inLanguage\":\"pt\",\"@id\":\"https:\/\/www.myportugalexperience.com\/blog\/albufeira-em-novembro\/#primaryimage\",\"url\":\"https:\/\/www.myportugalexperience.com\/blog\/wp-content\/uploads\/2025\/10\/off-season-albufeira-31.webp\",\"contentUrl\":\"https:\/\/www.myportugalexperience.com\/blog\/wp-content\/uploads\/2025\/10\/off-season-albufeira-31.webp\",\"width\":1920,\"height\":400,\"caption\":\"Albufeira em Novembro\"},{\"@type\":\"BreadcrumbList\",\"@id\":\"https:\/\/www.myportugalexperience.com\/blog\/albufeira-em-novembro\/#breadcrumb\",\"itemListElement\":[{\"@type\":\"ListItem\",\"position\":1,\"name\":\"Home\",\"item\":\"https:\/\/www.myportugalexperience.com\/blog\/\"},{\"@type\":\"ListItem\",\"position\":2,\"name\":\"Albufeira em Novembro\"}]},{\"@type\":\"WebSite\",\"@id\":\"https:\/\/www.myportugalexperience.com\/blog\/#website\",\"url\":\"https:\/\/www.myportugalexperience.com\/blog\/\",\"name\":\"Blog\",\"description\":\"OC VILLAS\",\"potentialAction\":[{\"@type\":\"SearchAction\",\"target\":{\"@type\":\"EntryPoint\",\"urlTemplate\":\"https:\/\/www.myportugalexperience.com\/blog\/?s={search_term_string}\"},\"query-input\":{\"@type\":\"PropertyValueSpecification\",\"valueRequired\":true,\"valueName\":\"search_term_string\"}}],\"inLanguage\":\"pt\"},{\"@type\":\"Person\",\"@id\":\"https:\/\/www.myportugalexperience.com\/blog\/#\/schema\/person\/84c6ca0c9ac4c40b8c99d5028ca58a22\",\"name\":\"digitalservices@avantio.com\",\"image\":{\"@type\":\"ImageObject\",\"inLanguage\":\"pt\",\"@id\":\"https:\/\/www.myportugalexperience.com\/blog\/#\/schema\/person\/image\/\",\"url\":\"https:\/\/secure.gravatar.com\/avatar\/af30f88a1904294c1f3eb09a9d7903eec4ffa18fa2cf40c28a8681014ecdfc20?s=96&d=mm&r=g\",\"contentUrl\":\"https:\/\/secure.gravatar.com\/avatar\/af30f88a1904294c1f3eb09a9d7903eec4ffa18fa2cf40c28a8681014ecdfc20?s=96&d=mm&r=g\",\"caption\":\"digitalservices@avantio.com\"},\"url\":\"https:\/\/www.myportugalexperience.com\/blog\/author\/digitalservicesavantio-com\/\"}]}<\/script>\n<!-- \/ Yoast SEO plugin. -->","yoast_head_json":{"title":"Albufeira em Novembro | My Portugal Experience by OC Villas","description":"A pensar em visitar Albufeira em Novembro? Este m\u00eas \u00e9 uma \u00f3tima altura para explorar o Algarve sem as multid\u00f5es de ver\u00e3o.","robots":{"index":"index","follow":"follow","max-snippet":"max-snippet:-1","max-image-preview":"max-image-preview:large","max-video-preview":"max-video-preview:-1"},"canonical":"https:\/\/www.myportugalexperience.com\/blog\/albufeira-em-novembro\/","og_locale":"pt_PT","og_type":"article","og_title":"Albufeira em Novembro | My Portugal Experience by OC Villas","og_description":"A pensar em visitar Albufeira em Novembro? Este m\u00eas \u00e9 uma \u00f3tima altura para explorar o Algarve sem as multid\u00f5es de ver\u00e3o.","og_url":"https:\/\/www.myportugalexperience.com\/blog\/albufeira-em-novembro\/","og_site_name":"Blog","article_published_time":"2025-10-14T07:44:28+00:00","article_modified_time":"2025-11-17T13:48:28+00:00","og_image":[{"width":1920,"height":400,"url":"https:\/\/www.myportugalexperience.com\/blog\/wp-content\/uploads\/2025\/10\/off-season-albufeira-31.webp","type":"image\/webp"}],"author":"digitalservices@avantio.com","twitter_card":"summary_large_image","twitter_misc":{"Written by":"digitalservices@avantio.com","Est. reading time":"8 minutes"},"schema":{"@context":"https:\/\/schema.org","@graph":[{"@type":"WebPage","@id":"https:\/\/www.myportugalexperience.com\/blog\/albufeira-em-novembro\/","url":"https:\/\/www.myportugalexperience.com\/blog\/albufeira-em-novembro\/","name":"Albufeira em Novembro | My Portugal Experience by OC Villas","isPartOf":{"@id":"https:\/\/www.myportugalexperience.com\/blog\/#website"},"primaryImageOfPage":{"@id":"https:\/\/www.myportugalexperience.com\/blog\/albufeira-em-novembro\/#primaryimage"},"image":{"@id":"https:\/\/www.myportugalexperience.com\/blog\/albufeira-em-novembro\/#primaryimage"},"thumbnailUrl":"https:\/\/www.myportugalexperience.com\/blog\/wp-content\/uploads\/2025\/10\/off-season-albufeira-31.webp","datePublished":"2025-10-14T07:44:28+00:00","dateModified":"2025-11-17T13:48:28+00:00","author":{"@id":"https:\/\/www.myportugalexperience.com\/blog\/#\/schema\/person\/84c6ca0c9ac4c40b8c99d5028ca58a22"},"description":"A pensar em visitar Albufeira em Novembro? Este m\u00eas \u00e9 uma \u00f3tima altura para explorar o Algarve sem as multid\u00f5es de ver\u00e3o.","breadcrumb":{"@id":"https:\/\/www.myportugalexperience.com\/blog\/albufeira-em-novembro\/#breadcrumb"},"inLanguage":"pt","potentialAction":[{"@type":"ReadAction","target":["https:\/\/www.myportugalexperience.com\/blog\/albufeira-em-novembro\/"]}]},{"@type":"ImageObject","inLanguage":"pt","@id":"https:\/\/www.myportugalexperience.com\/blog\/albufeira-em-novembro\/#primaryimage","url":"https:\/\/www.myportugalexperience.com\/blog\/wp-content\/uploads\/2025\/10\/off-season-albufeira-31.webp","contentUrl":"https:\/\/www.myportugalexperience.com\/blog\/wp-content\/uploads\/2025\/10\/off-season-albufeira-31.webp","width":1920,"height":400,"caption":"Albufeira em Novembro"},{"@type":"BreadcrumbList","@id":"https:\/\/www.myportugalexperience.com\/blog\/albufeira-em-novembro\/#breadcrumb","itemListElement":[{"@type":"ListItem","position":1,"name":"Home","item":"https:\/\/www.myportugalexperience.com\/blog\/"},{"@type":"ListItem","position":2,"name":"Albufeira em Novembro"}]},{"@type":"WebSite","@id":"https:\/\/www.myportugalexperience.com\/blog\/#website","url":"https:\/\/www.myportugalexperience.com\/blog\/","name":"Blog","description":"OC VILLAS","potentialAction":[{"@type":"SearchAction","target":{"@type":"EntryPoint","urlTemplate":"https:\/\/www.myportugalexperience.com\/blog\/?s={search_term_string}"},"query-input":{"@type":"PropertyValueSpecification","valueRequired":true,"valueName":"search_term_string"}}],"inLanguage":"pt"},{"@type":"Person","@id":"https:\/\/www.myportugalexperience.com\/blog\/#\/schema\/person\/84c6ca0c9ac4c40b8c99d5028ca58a22","name":"digitalservices@avantio.com","image":{"@type":"ImageObject","inLanguage":"pt","@id":"https:\/\/www.myportugalexperience.com\/blog\/#\/schema\/person\/image\/","url":"https:\/\/secure.gravatar.com\/avatar\/af30f88a1904294c1f3eb09a9d7903eec4ffa18fa2cf40c28a8681014ecdfc20?s=96&d=mm&r=g","contentUrl":"https:\/\/secure.gravatar.com\/avatar\/af30f88a1904294c1f3eb09a9d7903eec4ffa18fa2cf40c28a8681014ecdfc20?s=96&d=mm&r=g","caption":"digitalservices@avantio.com"},"url":"https:\/\/www.myportugalexperience.com\/blog\/author\/digitalservicesavantio-com\/"}]}},"_links":{"self":[{"href":"https:\/\/www.myportugalexperience.com\/blog\/wp-json\/wp\/v2\/posts\/1462","targetHints":{"allow":["GET"]}}],"collection":[{"href":"https:\/\/www.myportugalexperience.com\/blog\/wp-json\/wp\/v2\/posts"}],"about":[{"href":"https:\/\/www.myportugalexperience.com\/blog\/wp-json\/wp\/v2\/types\/post"}],"author":[{"embeddable":true,"href":"https:\/\/www.myportugalexperience.com\/blog\/wp-json\/wp\/v2\/users\/3"}],"replies":[{"embeddable":true,"href":"https:\/\/www.myportugalexperience.com\/blog\/wp-json\/wp\/v2\/comments?post=1462"}],"version-history":[{"count":10,"href":"https:\/\/www.myportugalexperience.com\/blog\/wp-json\/wp\/v2\/posts\/1462\/revisions"}],"predecessor-version":[{"id":1733,"href":"https:\/\/www.myportugalexperience.com\/blog\/wp-json\/wp\/v2\/posts\/1462\/revisions\/1733"}],"wp:featuredmedia":[{"embeddable":true,"href":"https:\/\/www.myportugalexperience.com\/blog\/wp-json\/wp\/v2\/media\/1497"}],"wp:attachment":[{"href":"https:\/\/www.myportugalexperience.com\/blog\/wp-json\/wp\/v2\/media?parent=1462"}],"wp:term":[{"taxonomy":"category","embeddable":true,"href":"https:\/\/www.myportugalexperience.com\/blog\/wp-json\/wp\/v2\/categories?post=1462"},{"taxonomy":"post_tag","embeddable":true,"href":"https:\/\/www.myportugalexperience.com\/blog\/wp-json\/wp\/v2\/tags?post=1462"}],"curies":[{"name":"wp","href":"https:\/\/api.w.org\/{rel}","templated":true}]}}