{"id":154,"date":"2020-06-25T10:27:40","date_gmt":"2020-06-25T10:27:40","guid":{"rendered":"https:\/\/www.myportugalexperience.com\/blog\/?p=154"},"modified":"2025-11-18T08:39:34","modified_gmt":"2025-11-18T08:39:34","slug":"o-algarve-e-algo-natural","status":"publish","type":"post","link":"https:\/\/www.myportugalexperience.com\/blog\/o-algarve-e-algo-natural\/","title":{"rendered":"O Algarve \u00e9 algo natural"},"content":{"rendered":"\n<p>Quando se fala do Algarve, a primeira coisa de que nos lembramos \u00e9, sem d\u00favida,&nbsp;<strong>da praia, a seguir do sol e depois da comida<\/strong>. No entanto, esta regi\u00e3o portuguesa, que j\u00e1 foi considerada um reino de nome pr\u00f3prio (os reis portugueses eram denominados como reis de Portugal e dos Algarves), tem mais para revelar a quem se dedica \u00e0 descoberta.<\/p>\n\n\n\n<p>Al\u00e9m das praias, h\u00e1 todo um Algarve natural que espera por si\u2026 Desde as serranias que servem de fronteira natural entre o Alentejo e esta regi\u00e3o, passando pelas fal\u00e9sias e escarpas que resistem ao Oceano, at\u00e9 aos sapais do Guadiana e o sistema lagunar da Ria Formosa.<\/p>\n\n\n\n<h2 class=\"wp-block-heading\">Serras de Monchique, Espinha\u00e7o de C\u00e3o e Caldeir\u00e3o<\/h2>\n\n\n\n<p>As serras de Monchique, Espinha\u00e7o de C\u00e3o e Caldeir\u00e3o s\u00e3o uma fronteira natural e uma barreira protetora dos ventos frios do Norte, tornando o clima desta regi\u00e3o como algo \u00fanico no nosso pa\u00eds. No entanto, estas eleva\u00e7\u00f5es n\u00e3o poderiam ser t\u00e3o distintas.<\/p>\n\n\n\n<p>Enquanto que a oeste, Monchique surge com uma flora \u00fanica, com ribeiras que escorrem pelas escarpas e onde \u00e1rvores como o medronheiro, os carvalhos, os eucaliptos e os castanheiros crescem nos cumes.<\/p>\n\n\n\n<p>Seguindo para Este, encontramos a Serra de Espinha\u00e7o de C\u00e3o, constitu\u00edda por uma cadeia de cerros cheios de medronheiros e eucaliptos, pontuada por pequenos e f\u00e9rteis vales, onde dormem pequenas e \u00fanicas aldeias.<\/p>\n\n\n\n<p>A partir da ribeira de Odelouca, surgem planaltos agrestes, com montes ondulados e vales profundos, onde o verde das florestas se funde com o dourado dos campos de trigo e cevada, e com os matos escuros de esteva e rosmaninho\u2026 Surge a Serra do Caldeir\u00e3o, a maior cordilheira algarvia.<\/p>\n\n\n\n<h2 class=\"wp-block-heading\">Parque Natural do Sudoeste Alentejano e Costa Vicentina<\/h2>\n\n\n\n<p>76 mil hectares recortados por fal\u00e9sias, praias e dunas, e compostos por colinas que se estendem at\u00e9 \u00e0 Serra de Espinha\u00e7o de C\u00e3o, albergam 750 plantas e 200 esp\u00e9cies de aves. Cem destas esp\u00e9cies de vegeta\u00e7\u00e3o s\u00e3o end\u00e9micas e 460 pertencem \u00e0 flora marinha.<\/p>\n\n\n\n<p>A n\u00edvel de fauna, o Parque Natural conta com uma popula\u00e7\u00e3o bastante variada: lontras, raposas, javalis, texugos, gatos-bravos, lince ib\u00e9rico, assim como gar\u00e7as, cegonhas, guarda-rios, galinhas de \u00e1gua, corvos, gaivotas, gralhas e aves de rapina.<\/p>\n\n\n\n<p>Gra\u00e7as \u00e0 prote\u00e7\u00e3o que estas esp\u00e9cies beneficiam neste espa\u00e7o, qualquer caminhante pode-se cruzar com algum destes animais. J\u00e1 se imaginou estar numa das praias que comp\u00f5em os 80 km de costa algarvia dentro do Parque e ver uma \u00e1guia pesqueira a sobrevoar o s\u00edtio onde est\u00e1? Seja em Odeceixe, Monte Cl\u00e9rigos ou Burgau?<\/p>\n\n\n\n<h2 class=\"wp-block-heading\">Ria Formosa<\/h2>\n\n\n\n<p>\u00danico e mutante, estes s\u00e3o dois adjetivos que caracterizam perfeitamente este sistema lagunar que, gra\u00e7as ao movimento de ventos, correntes e mar\u00e9s, est\u00e1 em cont\u00ednua muta\u00e7\u00e3o. Um ecossistema que pode visitar entre a pen\u00ednsula do Anc\u00e3o e a praia da Manta Rota, cerca de 60 km de litoral que se abrem e se estendem para o interior numa \u00e1rea de 18 mil hectares\u2026<\/p>\n\n\n\n<p>Para o explorar, aconselhamos faz\u00ea-lo a p\u00e9, pelos trilhos pedestres, ou em lentos passeios de barco, observando o sapal e a zona de \u00e1gua doce, os tanques de salga da \u00e9poca romana, a mata ou vendo de perto um moinho de mar\u00e9.<\/p>\n\n\n\n<h2 class=\"wp-block-heading\">Curioso?<\/h2>\n\n\n\n<p>De que est\u00e1 \u00e0 espera para fazer-nos uma visita? Venha conhecer o&nbsp;<strong>melhor do Reino dos Algarves<\/strong>&nbsp;e fique instalado, com todo o conforto, numa das nossas&nbsp;<a href=\"https:\/\/ocvillasold.website\/websites\/my-pt-experience\/myportugalexperience.com\" target=\"_blank\" rel=\"noreferrer noopener\">propriedades<\/a>. N\u00e3o h\u00e1 nada como depois de uma aventura, poder regressar a um s\u00edtio onde possa relaxar e recontar os melhores momentos que experimentou.<\/p>\n\n\n\n<p>De que est\u00e1 \u00e0 espera? Contacte-nos e saiba mais sobre as nossas condi\u00e7\u00f5es.<\/p>\n","protected":false},"excerpt":{"rendered":"<p>Quando se fala do Algarve, a primeira coisa de que nos lembramos \u00e9, sem d\u00favida,&nbsp;da praia, a seguir do sol e depois da comida. No entanto, esta regi\u00e3o portuguesa, que j\u00e1 foi considerada um reino de nome pr\u00f3prio (os reis portugueses eram denominados como reis de Portugal e dos Algarves), tem mais para revelar a [&hellip;]<\/p>\n","protected":false},"author":1,"featured_media":155,"comment_status":"open","ping_status":"open","sticky":false,"template":"","format":"standard","meta":{"footnotes":""},"categories":[29],"tags":[],"class_list":["post-154","post","type-post","status-publish","format-standard","has-post-thumbnail","hentry","category-algarve-2"],"yoast_head":"<!-- This site is optimized with the Yoast SEO plugin v26.5 - https:\/\/yoast.com\/wordpress\/plugins\/seo\/ -->\n<title>O Algarve \u00e9 algo natural - Blog<\/title>\n<meta name=\"robots\" content=\"index, follow, max-snippet:-1, max-image-preview:large, max-video-preview:-1\" \/>\n<link rel=\"canonical\" href=\"https:\/\/www.myportugalexperience.com\/blog\/o-algarve-e-algo-natural\/\" \/>\n<meta property=\"og:locale\" content=\"pt_PT\" \/>\n<meta property=\"og:type\" content=\"article\" \/>\n<meta property=\"og:title\" content=\"O Algarve \u00e9 algo natural - Blog\" \/>\n<meta property=\"og:description\" content=\"Quando se fala do Algarve, a primeira coisa de que nos lembramos \u00e9, sem d\u00favida,&nbsp;da praia, a seguir do sol e depois da comida. No entanto, esta regi\u00e3o portuguesa, que j\u00e1 foi considerada um reino de nome pr\u00f3prio (os reis portugueses eram denominados como reis de Portugal e dos Algarves), tem mais para revelar a [&hellip;]\" \/>\n<meta property=\"og:url\" content=\"https:\/\/www.myportugalexperience.com\/blog\/o-algarve-e-algo-natural\/\" \/>\n<meta property=\"og:site_name\" content=\"Blog\" \/>\n<meta property=\"article:published_time\" content=\"2020-06-25T10:27:40+00:00\" \/>\n<meta property=\"article:modified_time\" content=\"2025-11-18T08:39:34+00:00\" \/>\n<meta property=\"og:image\" content=\"https:\/\/www.myportugalexperience.com\/blog\/wp-content\/uploads\/2020\/06\/o-algarve-e-algo-natural.jpeg\" \/>\n\t<meta property=\"og:image:width\" content=\"722\" \/>\n\t<meta property=\"og:image:height\" content=\"413\" \/>\n\t<meta property=\"og:image:type\" content=\"image\/jpeg\" \/>\n<meta name=\"author\" content=\"admin\" \/>\n<meta name=\"twitter:card\" content=\"summary_large_image\" \/>\n<meta name=\"twitter:label1\" content=\"Written by\" \/>\n\t<meta name=\"twitter:data1\" content=\"admin\" \/>\n\t<meta name=\"twitter:label2\" content=\"Est. reading time\" \/>\n\t<meta name=\"twitter:data2\" content=\"3 minutes\" \/>\n<script type=\"application\/ld+json\" class=\"yoast-schema-graph\">{\"@context\":\"https:\/\/schema.org\",\"@graph\":[{\"@type\":\"WebPage\",\"@id\":\"https:\/\/www.myportugalexperience.com\/blog\/o-algarve-e-algo-natural\/\",\"url\":\"https:\/\/www.myportugalexperience.com\/blog\/o-algarve-e-algo-natural\/\",\"name\":\"O Algarve \u00e9 algo natural - Blog\",\"isPartOf\":{\"@id\":\"https:\/\/www.myportugalexperience.com\/blog\/#website\"},\"primaryImageOfPage\":{\"@id\":\"https:\/\/www.myportugalexperience.com\/blog\/o-algarve-e-algo-natural\/#primaryimage\"},\"image\":{\"@id\":\"https:\/\/www.myportugalexperience.com\/blog\/o-algarve-e-algo-natural\/#primaryimage\"},\"thumbnailUrl\":\"https:\/\/www.myportugalexperience.com\/blog\/wp-content\/uploads\/2020\/06\/o-algarve-e-algo-natural.jpeg\",\"datePublished\":\"2020-06-25T10:27:40+00:00\",\"dateModified\":\"2025-11-18T08:39:34+00:00\",\"author\":{\"@id\":\"https:\/\/www.myportugalexperience.com\/blog\/#\/schema\/person\/40127941c1260afbad23c6167018db2d\"},\"breadcrumb\":{\"@id\":\"https:\/\/www.myportugalexperience.com\/blog\/o-algarve-e-algo-natural\/#breadcrumb\"},\"inLanguage\":\"pt\",\"potentialAction\":[{\"@type\":\"ReadAction\",\"target\":[\"https:\/\/www.myportugalexperience.com\/blog\/o-algarve-e-algo-natural\/\"]}]},{\"@type\":\"ImageObject\",\"inLanguage\":\"pt\",\"@id\":\"https:\/\/www.myportugalexperience.com\/blog\/o-algarve-e-algo-natural\/#primaryimage\",\"url\":\"https:\/\/www.myportugalexperience.com\/blog\/wp-content\/uploads\/2020\/06\/o-algarve-e-algo-natural.jpeg\",\"contentUrl\":\"https:\/\/www.myportugalexperience.com\/blog\/wp-content\/uploads\/2020\/06\/o-algarve-e-algo-natural.jpeg\",\"width\":722,\"height\":413},{\"@type\":\"BreadcrumbList\",\"@id\":\"https:\/\/www.myportugalexperience.com\/blog\/o-algarve-e-algo-natural\/#breadcrumb\",\"itemListElement\":[{\"@type\":\"ListItem\",\"position\":1,\"name\":\"Home\",\"item\":\"https:\/\/www.myportugalexperience.com\/blog\/\"},{\"@type\":\"ListItem\",\"position\":2,\"name\":\"O Algarve \u00e9 algo natural\"}]},{\"@type\":\"WebSite\",\"@id\":\"https:\/\/www.myportugalexperience.com\/blog\/#website\",\"url\":\"https:\/\/www.myportugalexperience.com\/blog\/\",\"name\":\"Blog\",\"description\":\"OC VILLAS\",\"potentialAction\":[{\"@type\":\"SearchAction\",\"target\":{\"@type\":\"EntryPoint\",\"urlTemplate\":\"https:\/\/www.myportugalexperience.com\/blog\/?s={search_term_string}\"},\"query-input\":{\"@type\":\"PropertyValueSpecification\",\"valueRequired\":true,\"valueName\":\"search_term_string\"}}],\"inLanguage\":\"pt\"},{\"@type\":\"Person\",\"@id\":\"https:\/\/www.myportugalexperience.com\/blog\/#\/schema\/person\/40127941c1260afbad23c6167018db2d\",\"name\":\"admin\",\"image\":{\"@type\":\"ImageObject\",\"inLanguage\":\"pt\",\"@id\":\"https:\/\/www.myportugalexperience.com\/blog\/#\/schema\/person\/image\/\",\"url\":\"https:\/\/secure.gravatar.com\/avatar\/c17c5233fdd7246c8da074504987f3b1c1708717ae87150137e1629cff920ec2?s=96&d=mm&r=g\",\"contentUrl\":\"https:\/\/secure.gravatar.com\/avatar\/c17c5233fdd7246c8da074504987f3b1c1708717ae87150137e1629cff920ec2?s=96&d=mm&r=g\",\"caption\":\"admin\"},\"sameAs\":[\"https:\/\/myportugalexperience.com\/blog\"],\"url\":\"https:\/\/www.myportugalexperience.com\/blog\/author\/avantio\/\"}]}<\/script>\n<!-- \/ Yoast SEO plugin. -->","yoast_head_json":{"title":"O Algarve \u00e9 algo natural - Blog","robots":{"index":"index","follow":"follow","max-snippet":"max-snippet:-1","max-image-preview":"max-image-preview:large","max-video-preview":"max-video-preview:-1"},"canonical":"https:\/\/www.myportugalexperience.com\/blog\/o-algarve-e-algo-natural\/","og_locale":"pt_PT","og_type":"article","og_title":"O Algarve \u00e9 algo natural - Blog","og_description":"Quando se fala do Algarve, a primeira coisa de que nos lembramos \u00e9, sem d\u00favida,&nbsp;da praia, a seguir do sol e depois da comida. No entanto, esta regi\u00e3o portuguesa, que j\u00e1 foi considerada um reino de nome pr\u00f3prio (os reis portugueses eram denominados como reis de Portugal e dos Algarves), tem mais para revelar a [&hellip;]","og_url":"https:\/\/www.myportugalexperience.com\/blog\/o-algarve-e-algo-natural\/","og_site_name":"Blog","article_published_time":"2020-06-25T10:27:40+00:00","article_modified_time":"2025-11-18T08:39:34+00:00","og_image":[{"width":722,"height":413,"url":"https:\/\/www.myportugalexperience.com\/blog\/wp-content\/uploads\/2020\/06\/o-algarve-e-algo-natural.jpeg","type":"image\/jpeg"}],"author":"admin","twitter_card":"summary_large_image","twitter_misc":{"Written by":"admin","Est. reading time":"3 minutes"},"schema":{"@context":"https:\/\/schema.org","@graph":[{"@type":"WebPage","@id":"https:\/\/www.myportugalexperience.com\/blog\/o-algarve-e-algo-natural\/","url":"https:\/\/www.myportugalexperience.com\/blog\/o-algarve-e-algo-natural\/","name":"O Algarve \u00e9 algo natural - Blog","isPartOf":{"@id":"https:\/\/www.myportugalexperience.com\/blog\/#website"},"primaryImageOfPage":{"@id":"https:\/\/www.myportugalexperience.com\/blog\/o-algarve-e-algo-natural\/#primaryimage"},"image":{"@id":"https:\/\/www.myportugalexperience.com\/blog\/o-algarve-e-algo-natural\/#primaryimage"},"thumbnailUrl":"https:\/\/www.myportugalexperience.com\/blog\/wp-content\/uploads\/2020\/06\/o-algarve-e-algo-natural.jpeg","datePublished":"2020-06-25T10:27:40+00:00","dateModified":"2025-11-18T08:39:34+00:00","author":{"@id":"https:\/\/www.myportugalexperience.com\/blog\/#\/schema\/person\/40127941c1260afbad23c6167018db2d"},"breadcrumb":{"@id":"https:\/\/www.myportugalexperience.com\/blog\/o-algarve-e-algo-natural\/#breadcrumb"},"inLanguage":"pt","potentialAction":[{"@type":"ReadAction","target":["https:\/\/www.myportugalexperience.com\/blog\/o-algarve-e-algo-natural\/"]}]},{"@type":"ImageObject","inLanguage":"pt","@id":"https:\/\/www.myportugalexperience.com\/blog\/o-algarve-e-algo-natural\/#primaryimage","url":"https:\/\/www.myportugalexperience.com\/blog\/wp-content\/uploads\/2020\/06\/o-algarve-e-algo-natural.jpeg","contentUrl":"https:\/\/www.myportugalexperience.com\/blog\/wp-content\/uploads\/2020\/06\/o-algarve-e-algo-natural.jpeg","width":722,"height":413},{"@type":"BreadcrumbList","@id":"https:\/\/www.myportugalexperience.com\/blog\/o-algarve-e-algo-natural\/#breadcrumb","itemListElement":[{"@type":"ListItem","position":1,"name":"Home","item":"https:\/\/www.myportugalexperience.com\/blog\/"},{"@type":"ListItem","position":2,"name":"O Algarve \u00e9 algo natural"}]},{"@type":"WebSite","@id":"https:\/\/www.myportugalexperience.com\/blog\/#website","url":"https:\/\/www.myportugalexperience.com\/blog\/","name":"Blog","description":"OC VILLAS","potentialAction":[{"@type":"SearchAction","target":{"@type":"EntryPoint","urlTemplate":"https:\/\/www.myportugalexperience.com\/blog\/?s={search_term_string}"},"query-input":{"@type":"PropertyValueSpecification","valueRequired":true,"valueName":"search_term_string"}}],"inLanguage":"pt"},{"@type":"Person","@id":"https:\/\/www.myportugalexperience.com\/blog\/#\/schema\/person\/40127941c1260afbad23c6167018db2d","name":"admin","image":{"@type":"ImageObject","inLanguage":"pt","@id":"https:\/\/www.myportugalexperience.com\/blog\/#\/schema\/person\/image\/","url":"https:\/\/secure.gravatar.com\/avatar\/c17c5233fdd7246c8da074504987f3b1c1708717ae87150137e1629cff920ec2?s=96&d=mm&r=g","contentUrl":"https:\/\/secure.gravatar.com\/avatar\/c17c5233fdd7246c8da074504987f3b1c1708717ae87150137e1629cff920ec2?s=96&d=mm&r=g","caption":"admin"},"sameAs":["https:\/\/myportugalexperience.com\/blog"],"url":"https:\/\/www.myportugalexperience.com\/blog\/author\/avantio\/"}]}},"_links":{"self":[{"href":"https:\/\/www.myportugalexperience.com\/blog\/wp-json\/wp\/v2\/posts\/154","targetHints":{"allow":["GET"]}}],"collection":[{"href":"https:\/\/www.myportugalexperience.com\/blog\/wp-json\/wp\/v2\/posts"}],"about":[{"href":"https:\/\/www.myportugalexperience.com\/blog\/wp-json\/wp\/v2\/types\/post"}],"author":[{"embeddable":true,"href":"https:\/\/www.myportugalexperience.com\/blog\/wp-json\/wp\/v2\/users\/1"}],"replies":[{"embeddable":true,"href":"https:\/\/www.myportugalexperience.com\/blog\/wp-json\/wp\/v2\/comments?post=154"}],"version-history":[{"count":1,"href":"https:\/\/www.myportugalexperience.com\/blog\/wp-json\/wp\/v2\/posts\/154\/revisions"}],"predecessor-version":[{"id":157,"href":"https:\/\/www.myportugalexperience.com\/blog\/wp-json\/wp\/v2\/posts\/154\/revisions\/157"}],"wp:featuredmedia":[{"embeddable":true,"href":"https:\/\/www.myportugalexperience.com\/blog\/wp-json\/wp\/v2\/media\/155"}],"wp:attachment":[{"href":"https:\/\/www.myportugalexperience.com\/blog\/wp-json\/wp\/v2\/media?parent=154"}],"wp:term":[{"taxonomy":"category","embeddable":true,"href":"https:\/\/www.myportugalexperience.com\/blog\/wp-json\/wp\/v2\/categories?post=154"},{"taxonomy":"post_tag","embeddable":true,"href":"https:\/\/www.myportugalexperience.com\/blog\/wp-json\/wp\/v2\/tags?post=154"}],"curies":[{"name":"wp","href":"https:\/\/api.w.org\/{rel}","templated":true}]}}