{"id":158,"date":"2020-06-25T10:31:14","date_gmt":"2020-06-25T10:31:14","guid":{"rendered":"https:\/\/www.myportugalexperience.com\/blog\/?p=158"},"modified":"2025-07-07T09:16:19","modified_gmt":"2025-07-07T09:16:19","slug":"albufeira-e-todo-o-ano","status":"publish","type":"post","link":"https:\/\/www.myportugalexperience.com\/blog\/albufeira-e-todo-o-ano\/","title":{"rendered":"Albufeira \u00e9 todo o ano"},"content":{"rendered":"\n<p><strong>Albufeira \u00e9 mais do que praias<\/strong>&nbsp;de diferentes tons de cor ocre, das rochas e das fal\u00e9sias. \u00c9 mais do que o dourado das areias e o azul do mar. \u00c9 mais do que o habitual ritmo de f\u00e9rias: praia de dia, restaurantes, bares e discotecas \u00e0 noite.<\/p>\n\n\n\n<p>Apesar da praia e da&nbsp;<strong>anima\u00e7\u00e3o noturna em Albufeira<\/strong>&nbsp;serem das mais afamadas do Algarve, convivem par a par com outra dimens\u00e3o:<\/p>\n\n\n\n<ul class=\"wp-block-list\"><li>As paisagens campestres, onde existe uma liga\u00e7\u00e3o maior \u00e0 Natureza. Percursos pedestres, de BTT, de mota ou todo o terreno, s\u00e3o uma forma de explorar os recantos mais secretos desta oferta.<\/li><li>Os que gostam de cavalos tamb\u00e9m t\u00eam a oportunidade de explorar os diferentes trilhos de Albufeira.<\/li><li>As aldeias tranquilas, em que as artes manuais da azulejaria, cobre talhado e tape\u00e7aria de esparto continuam a ser produzidas por m\u00e3os s\u00e1bias e experientes.<\/li><li>Os campos cultivados e os pomares, onde se destacam, entre as figueiras e as laranjeiras, as amendoeiras em flor. As alfarrobeiras que se imp\u00f5em com o seu tamanho e os pinheiros que pontuam a paisagem.<\/li><li>Os campos de golfe que se estendem at\u00e9 ao mar, criando um cen\u00e1rio arrebatador a quem tenta atingir o green e dando uma moldura encantat\u00f3ria a este desporto.<\/li><li>Para os que gostam de desportos mais intensos, tamb\u00e9m h\u00e1 possibilidade de aproveitar os campos de t\u00e9nis dispon\u00edveis no concelho.<\/li><li>Claro que n\u00e3o se pode esquecer a gastronomia\u2026 Seja para os amantes de carne (frango \u00e0 Guia, milhos com carne e a galinha cerejada), para os que gostam mais de peixe (caldeirada de peixe, am\u00eaijoas na cataplana, xer\u00e9m com conquilhas ou o atum de cebolada) e os mais gulosos (farrobitos e os queijos de figo). Aqueles que procuram algo mais para \u201caconchegar\u201d o est\u00f4mago, podem contar com uma sopa de gr\u00e3o e o t\u00edpico arjamolho.<\/li><\/ul>\n\n\n\n<p>Albufeira, como se pode ver,<strong>&nbsp;\u00e9 todo o ano<\/strong>. As ofertas s\u00e3o mais do que muitas e abrangem diferentes gostos. Praia? Piscinas? Spa? Anima\u00e7\u00e3o noturna? Gastronomia? Cultura? Desporto? Natureza? Basta escolher qual a melhor oferta para si!<\/p>\n","protected":false},"excerpt":{"rendered":"<p>Albufeira \u00e9 mais do que praias&nbsp;de diferentes tons de cor ocre, das rochas e das fal\u00e9sias. \u00c9 mais do que o dourado das areias e o azul do mar. \u00c9 mais do que o habitual ritmo de f\u00e9rias: praia de dia, restaurantes, bares e discotecas \u00e0 noite. Apesar da praia e da&nbsp;anima\u00e7\u00e3o noturna em Albufeira&nbsp;serem [&hellip;]<\/p>\n","protected":false},"author":1,"featured_media":159,"comment_status":"open","ping_status":"open","sticky":false,"template":"","format":"standard","meta":{"footnotes":""},"categories":[30],"tags":[],"class_list":["post-158","post","type-post","status-publish","format-standard","has-post-thumbnail","hentry","category-albufeira-2"],"yoast_head":"<!-- This site is optimized with the Yoast SEO plugin v26.5 - https:\/\/yoast.com\/wordpress\/plugins\/seo\/ -->\n<title>Albufeira \u00e9 todo o ano - Blog<\/title>\n<meta name=\"robots\" content=\"index, follow, max-snippet:-1, max-image-preview:large, max-video-preview:-1\" \/>\n<link rel=\"canonical\" href=\"https:\/\/www.myportugalexperience.com\/blog\/albufeira-e-todo-o-ano\/\" \/>\n<meta property=\"og:locale\" content=\"pt_PT\" \/>\n<meta property=\"og:type\" content=\"article\" \/>\n<meta property=\"og:title\" content=\"Albufeira \u00e9 todo o ano - Blog\" \/>\n<meta property=\"og:description\" content=\"Albufeira \u00e9 mais do que praias&nbsp;de diferentes tons de cor ocre, das rochas e das fal\u00e9sias. \u00c9 mais do que o dourado das areias e o azul do mar. \u00c9 mais do que o habitual ritmo de f\u00e9rias: praia de dia, restaurantes, bares e discotecas \u00e0 noite. Apesar da praia e da&nbsp;anima\u00e7\u00e3o noturna em Albufeira&nbsp;serem [&hellip;]\" \/>\n<meta property=\"og:url\" content=\"https:\/\/www.myportugalexperience.com\/blog\/albufeira-e-todo-o-ano\/\" \/>\n<meta property=\"og:site_name\" content=\"Blog\" \/>\n<meta property=\"article:published_time\" content=\"2020-06-25T10:31:14+00:00\" \/>\n<meta property=\"article:modified_time\" content=\"2025-07-07T09:16:19+00:00\" \/>\n<meta property=\"og:image\" content=\"https:\/\/www.myportugalexperience.com\/blog\/wp-content\/uploads\/2020\/06\/albufeira-o-ano-inteiro.jpeg\" \/>\n\t<meta property=\"og:image:width\" content=\"722\" \/>\n\t<meta property=\"og:image:height\" content=\"413\" \/>\n\t<meta property=\"og:image:type\" content=\"image\/jpeg\" \/>\n<meta name=\"author\" content=\"admin\" \/>\n<meta name=\"twitter:card\" content=\"summary_large_image\" \/>\n<meta name=\"twitter:label1\" content=\"Written by\" \/>\n\t<meta name=\"twitter:data1\" content=\"admin\" \/>\n\t<meta name=\"twitter:label2\" content=\"Est. reading time\" \/>\n\t<meta name=\"twitter:data2\" content=\"2 minutes\" \/>\n<script type=\"application\/ld+json\" class=\"yoast-schema-graph\">{\"@context\":\"https:\/\/schema.org\",\"@graph\":[{\"@type\":\"WebPage\",\"@id\":\"https:\/\/www.myportugalexperience.com\/blog\/albufeira-e-todo-o-ano\/\",\"url\":\"https:\/\/www.myportugalexperience.com\/blog\/albufeira-e-todo-o-ano\/\",\"name\":\"Albufeira \u00e9 todo o ano - Blog\",\"isPartOf\":{\"@id\":\"https:\/\/www.myportugalexperience.com\/blog\/#website\"},\"primaryImageOfPage\":{\"@id\":\"https:\/\/www.myportugalexperience.com\/blog\/albufeira-e-todo-o-ano\/#primaryimage\"},\"image\":{\"@id\":\"https:\/\/www.myportugalexperience.com\/blog\/albufeira-e-todo-o-ano\/#primaryimage\"},\"thumbnailUrl\":\"https:\/\/www.myportugalexperience.com\/blog\/wp-content\/uploads\/2020\/06\/albufeira-o-ano-inteiro.jpeg\",\"datePublished\":\"2020-06-25T10:31:14+00:00\",\"dateModified\":\"2025-07-07T09:16:19+00:00\",\"author\":{\"@id\":\"https:\/\/www.myportugalexperience.com\/blog\/#\/schema\/person\/40127941c1260afbad23c6167018db2d\"},\"breadcrumb\":{\"@id\":\"https:\/\/www.myportugalexperience.com\/blog\/albufeira-e-todo-o-ano\/#breadcrumb\"},\"inLanguage\":\"pt\",\"potentialAction\":[{\"@type\":\"ReadAction\",\"target\":[\"https:\/\/www.myportugalexperience.com\/blog\/albufeira-e-todo-o-ano\/\"]}]},{\"@type\":\"ImageObject\",\"inLanguage\":\"pt\",\"@id\":\"https:\/\/www.myportugalexperience.com\/blog\/albufeira-e-todo-o-ano\/#primaryimage\",\"url\":\"https:\/\/www.myportugalexperience.com\/blog\/wp-content\/uploads\/2020\/06\/albufeira-o-ano-inteiro.jpeg\",\"contentUrl\":\"https:\/\/www.myportugalexperience.com\/blog\/wp-content\/uploads\/2020\/06\/albufeira-o-ano-inteiro.jpeg\",\"width\":722,\"height\":413,\"caption\":\"albufeira \u00e9 todo o ano\"},{\"@type\":\"BreadcrumbList\",\"@id\":\"https:\/\/www.myportugalexperience.com\/blog\/albufeira-e-todo-o-ano\/#breadcrumb\",\"itemListElement\":[{\"@type\":\"ListItem\",\"position\":1,\"name\":\"Home\",\"item\":\"https:\/\/www.myportugalexperience.com\/blog\/\"},{\"@type\":\"ListItem\",\"position\":2,\"name\":\"Albufeira \u00e9 todo o ano\"}]},{\"@type\":\"WebSite\",\"@id\":\"https:\/\/www.myportugalexperience.com\/blog\/#website\",\"url\":\"https:\/\/www.myportugalexperience.com\/blog\/\",\"name\":\"Blog\",\"description\":\"OC VILLAS\",\"potentialAction\":[{\"@type\":\"SearchAction\",\"target\":{\"@type\":\"EntryPoint\",\"urlTemplate\":\"https:\/\/www.myportugalexperience.com\/blog\/?s={search_term_string}\"},\"query-input\":{\"@type\":\"PropertyValueSpecification\",\"valueRequired\":true,\"valueName\":\"search_term_string\"}}],\"inLanguage\":\"pt\"},{\"@type\":\"Person\",\"@id\":\"https:\/\/www.myportugalexperience.com\/blog\/#\/schema\/person\/40127941c1260afbad23c6167018db2d\",\"name\":\"admin\",\"image\":{\"@type\":\"ImageObject\",\"inLanguage\":\"pt\",\"@id\":\"https:\/\/www.myportugalexperience.com\/blog\/#\/schema\/person\/image\/\",\"url\":\"https:\/\/secure.gravatar.com\/avatar\/c17c5233fdd7246c8da074504987f3b1c1708717ae87150137e1629cff920ec2?s=96&d=mm&r=g\",\"contentUrl\":\"https:\/\/secure.gravatar.com\/avatar\/c17c5233fdd7246c8da074504987f3b1c1708717ae87150137e1629cff920ec2?s=96&d=mm&r=g\",\"caption\":\"admin\"},\"sameAs\":[\"https:\/\/myportugalexperience.com\/blog\"],\"url\":\"https:\/\/www.myportugalexperience.com\/blog\/author\/avantio\/\"}]}<\/script>\n<!-- \/ Yoast SEO plugin. -->","yoast_head_json":{"title":"Albufeira \u00e9 todo o ano - Blog","robots":{"index":"index","follow":"follow","max-snippet":"max-snippet:-1","max-image-preview":"max-image-preview:large","max-video-preview":"max-video-preview:-1"},"canonical":"https:\/\/www.myportugalexperience.com\/blog\/albufeira-e-todo-o-ano\/","og_locale":"pt_PT","og_type":"article","og_title":"Albufeira \u00e9 todo o ano - Blog","og_description":"Albufeira \u00e9 mais do que praias&nbsp;de diferentes tons de cor ocre, das rochas e das fal\u00e9sias. \u00c9 mais do que o dourado das areias e o azul do mar. \u00c9 mais do que o habitual ritmo de f\u00e9rias: praia de dia, restaurantes, bares e discotecas \u00e0 noite. Apesar da praia e da&nbsp;anima\u00e7\u00e3o noturna em Albufeira&nbsp;serem [&hellip;]","og_url":"https:\/\/www.myportugalexperience.com\/blog\/albufeira-e-todo-o-ano\/","og_site_name":"Blog","article_published_time":"2020-06-25T10:31:14+00:00","article_modified_time":"2025-07-07T09:16:19+00:00","og_image":[{"width":722,"height":413,"url":"https:\/\/www.myportugalexperience.com\/blog\/wp-content\/uploads\/2020\/06\/albufeira-o-ano-inteiro.jpeg","type":"image\/jpeg"}],"author":"admin","twitter_card":"summary_large_image","twitter_misc":{"Written by":"admin","Est. reading time":"2 minutes"},"schema":{"@context":"https:\/\/schema.org","@graph":[{"@type":"WebPage","@id":"https:\/\/www.myportugalexperience.com\/blog\/albufeira-e-todo-o-ano\/","url":"https:\/\/www.myportugalexperience.com\/blog\/albufeira-e-todo-o-ano\/","name":"Albufeira \u00e9 todo o ano - Blog","isPartOf":{"@id":"https:\/\/www.myportugalexperience.com\/blog\/#website"},"primaryImageOfPage":{"@id":"https:\/\/www.myportugalexperience.com\/blog\/albufeira-e-todo-o-ano\/#primaryimage"},"image":{"@id":"https:\/\/www.myportugalexperience.com\/blog\/albufeira-e-todo-o-ano\/#primaryimage"},"thumbnailUrl":"https:\/\/www.myportugalexperience.com\/blog\/wp-content\/uploads\/2020\/06\/albufeira-o-ano-inteiro.jpeg","datePublished":"2020-06-25T10:31:14+00:00","dateModified":"2025-07-07T09:16:19+00:00","author":{"@id":"https:\/\/www.myportugalexperience.com\/blog\/#\/schema\/person\/40127941c1260afbad23c6167018db2d"},"breadcrumb":{"@id":"https:\/\/www.myportugalexperience.com\/blog\/albufeira-e-todo-o-ano\/#breadcrumb"},"inLanguage":"pt","potentialAction":[{"@type":"ReadAction","target":["https:\/\/www.myportugalexperience.com\/blog\/albufeira-e-todo-o-ano\/"]}]},{"@type":"ImageObject","inLanguage":"pt","@id":"https:\/\/www.myportugalexperience.com\/blog\/albufeira-e-todo-o-ano\/#primaryimage","url":"https:\/\/www.myportugalexperience.com\/blog\/wp-content\/uploads\/2020\/06\/albufeira-o-ano-inteiro.jpeg","contentUrl":"https:\/\/www.myportugalexperience.com\/blog\/wp-content\/uploads\/2020\/06\/albufeira-o-ano-inteiro.jpeg","width":722,"height":413,"caption":"albufeira \u00e9 todo o ano"},{"@type":"BreadcrumbList","@id":"https:\/\/www.myportugalexperience.com\/blog\/albufeira-e-todo-o-ano\/#breadcrumb","itemListElement":[{"@type":"ListItem","position":1,"name":"Home","item":"https:\/\/www.myportugalexperience.com\/blog\/"},{"@type":"ListItem","position":2,"name":"Albufeira \u00e9 todo o ano"}]},{"@type":"WebSite","@id":"https:\/\/www.myportugalexperience.com\/blog\/#website","url":"https:\/\/www.myportugalexperience.com\/blog\/","name":"Blog","description":"OC VILLAS","potentialAction":[{"@type":"SearchAction","target":{"@type":"EntryPoint","urlTemplate":"https:\/\/www.myportugalexperience.com\/blog\/?s={search_term_string}"},"query-input":{"@type":"PropertyValueSpecification","valueRequired":true,"valueName":"search_term_string"}}],"inLanguage":"pt"},{"@type":"Person","@id":"https:\/\/www.myportugalexperience.com\/blog\/#\/schema\/person\/40127941c1260afbad23c6167018db2d","name":"admin","image":{"@type":"ImageObject","inLanguage":"pt","@id":"https:\/\/www.myportugalexperience.com\/blog\/#\/schema\/person\/image\/","url":"https:\/\/secure.gravatar.com\/avatar\/c17c5233fdd7246c8da074504987f3b1c1708717ae87150137e1629cff920ec2?s=96&d=mm&r=g","contentUrl":"https:\/\/secure.gravatar.com\/avatar\/c17c5233fdd7246c8da074504987f3b1c1708717ae87150137e1629cff920ec2?s=96&d=mm&r=g","caption":"admin"},"sameAs":["https:\/\/myportugalexperience.com\/blog"],"url":"https:\/\/www.myportugalexperience.com\/blog\/author\/avantio\/"}]}},"_links":{"self":[{"href":"https:\/\/www.myportugalexperience.com\/blog\/wp-json\/wp\/v2\/posts\/158","targetHints":{"allow":["GET"]}}],"collection":[{"href":"https:\/\/www.myportugalexperience.com\/blog\/wp-json\/wp\/v2\/posts"}],"about":[{"href":"https:\/\/www.myportugalexperience.com\/blog\/wp-json\/wp\/v2\/types\/post"}],"author":[{"embeddable":true,"href":"https:\/\/www.myportugalexperience.com\/blog\/wp-json\/wp\/v2\/users\/1"}],"replies":[{"embeddable":true,"href":"https:\/\/www.myportugalexperience.com\/blog\/wp-json\/wp\/v2\/comments?post=158"}],"version-history":[{"count":1,"href":"https:\/\/www.myportugalexperience.com\/blog\/wp-json\/wp\/v2\/posts\/158\/revisions"}],"predecessor-version":[{"id":161,"href":"https:\/\/www.myportugalexperience.com\/blog\/wp-json\/wp\/v2\/posts\/158\/revisions\/161"}],"wp:featuredmedia":[{"embeddable":true,"href":"https:\/\/www.myportugalexperience.com\/blog\/wp-json\/wp\/v2\/media\/159"}],"wp:attachment":[{"href":"https:\/\/www.myportugalexperience.com\/blog\/wp-json\/wp\/v2\/media?parent=158"}],"wp:term":[{"taxonomy":"category","embeddable":true,"href":"https:\/\/www.myportugalexperience.com\/blog\/wp-json\/wp\/v2\/categories?post=158"},{"taxonomy":"post_tag","embeddable":true,"href":"https:\/\/www.myportugalexperience.com\/blog\/wp-json\/wp\/v2\/tags?post=158"}],"curies":[{"name":"wp","href":"https:\/\/api.w.org\/{rel}","templated":true}]}}