{"id":174,"date":"2020-05-25T10:56:50","date_gmt":"2020-05-25T10:56:50","guid":{"rendered":"https:\/\/www.myportugalexperience.com\/blog\/?p=174"},"modified":"2025-07-08T07:53:01","modified_gmt":"2025-07-08T07:53:01","slug":"algarve-no-inverno","status":"publish","type":"post","link":"https:\/\/www.myportugalexperience.com\/blog\/algarve-no-inverno\/","title":{"rendered":"Algarve no Inverno"},"content":{"rendered":"\n<p>O inverno algarvio pode-se resumir em duas palavras: curto e chuvoso. Dezembro \u00e9 o m\u00eas da chuva intensa, com trovoada, por excel\u00eancia, mas \u00e9 o que proporciona os dias mais amenos e soalheiros do inverno. J\u00e1 janeiro, \u00e9 menos chuvoso, mas os dias s\u00e3o frios, s\u00f3 se tornando mais quentes em fevereiro (altura do famoso Carnaval de Loul\u00e9).<\/p>\n\n\n\n<p>Para quem nos visita, nesta altura do ano, pode-se dizer que o tempo \u00e9 sempre uma inc\u00f3gnita. Um dia chove, no outro faz um sol maravilhoso que nos leva a deitar e a sentar um pouco na praia. Por isso, aconselhamos a que traga sempre roupa a contar com esta imprevisibilidade.<\/p>\n\n\n\n<p>E prepare-se, porque a noite n\u00e3o costuma ser muito agrad\u00e1vel. A humidade, o vento e o frio conjugam-se numa f\u00f3rmula arrepiante, que nos faz procurar a lareira e o ar condicionado mais pr\u00f3ximos.<\/p>\n\n\n\n<h2 class=\"wp-block-heading\">Terras alternativas<\/h2>\n\n\n\n<p>Mesmo tendo em conta este sen\u00e3o clim\u00e1tico, o Algarve continua a ser uma excelente op\u00e7\u00e3o como destino de viagem natal\u00edcia ou invernosa. Al\u00e9m de ser o destino ideal para fam\u00edlias, a raz\u00e3o at\u00e9 acaba por ser simples: no inverno esta regi\u00e3o do pa\u00eds \u00e9 mais calma do que no ver\u00e3o e pode divertir-se nos diversos eventos natal\u00edcios programados em cada munic\u00edpio.<\/p>\n\n\n\n<p>Muitas das pessoas preferem ficar em locais mais centrais, como Albufeira, Portim\u00e3o, Quarteira e Faro, mas tamb\u00e9m h\u00e1 boas op\u00e7\u00f5es fora destes grandes centros, como o Carvoeiro. Uma pequena localidade com um charme insuper\u00e1vel e uma boa sele\u00e7\u00e3o de restaurantes e bares. Sem contar com a sua beleza natural\u2026<\/p>\n\n\n\n<p>Outra terra que sugerimos \u00e9 Silves, uma cidade localizada \u00e0 beira rio, com laranjeiras e um Castelo do tempo dos mouros, que nos faz sonhar com tempos medievais. E, claro, temos de referir a enorme beleza da vista que a posi\u00e7\u00e3o alta desta \u201cfortaleza\u201d nos concede.<\/p>\n\n\n\n<h2 class=\"wp-block-heading\">Praias e golfe\u2026 no inverno!<\/h2>\n\n\n\n<p>Por falar em momentos m\u00e1gicos, como deixar-nos seduzir por uma paisagem, porque n\u00e3o assistir a um p\u00f4r-do-sol invernoso? Deixe-se seduzir pela luz p\u00e1lida, t\u00edpica desta esta\u00e7\u00e3o do ano, e ver como o sol se deixa embalar pelas \u00e1guas. Ou, se preferir, porque n\u00e3o passear pelas areias frias da manh\u00e3?<\/p>\n\n\n\n<p>E j\u00e1 que estamos a falar de sol e de praia, porque n\u00e3o falar dos lind\u00edssimos campos de Golfe que pontilham todo o Algarve? Aproveite o bom tempo e os dias soalheiros para se desafiar a jogar nos greens t\u00e3o elogiados pelos especialistas internacionais.<\/p>\n\n\n\n<p>Se for uma pessoa mais ativa e mais virada para o BTT ou caminhadas pela natureza, n\u00e3o pense que foi esquecido\u2026. H\u00e1 circuitos perfeitos para tal. Al\u00e9m da j\u00e1 mencionada, em artigo anterior, Via Algarviana, h\u00e1 circuitos marcados por toda a regi\u00e3o que permitem aos amantes destes desportos passarem um bom momento.<\/p>\n\n\n\n<p>Destacamos, como exemplo, o circuito que liga o topo da Praia do Canavial \u00e0 Praia dos Estudantes, a poucos minutos de Lagos. Um caminho de tr\u00eas horas que percorre as fal\u00e9sias t\u00edpicas das praias de Lagos e que permitem uma pequena descida \u00e0s praias para um pequeno momento de descanso.<\/p>\n\n\n\n<h2 class=\"wp-block-heading\">Algarve, a fuga perfeita de inverno<\/h2>\n\n\n\n<p>Se est\u00e1 \u00e0 procura da fuga perfeita para este inverno, n\u00e3o hesite em visitar o Algarve. Como p\u00f4de ver temos um pouco para todos os gostos. Restaurantes, bares, museus, praias, golfe, circuitos de caminhadas e de BTT\u2026 basta escolher e experimentar.<\/p>\n","protected":false},"excerpt":{"rendered":"<p>O inverno algarvio pode-se resumir em duas palavras: curto e chuvoso. Dezembro \u00e9 o m\u00eas da chuva intensa, com trovoada, por excel\u00eancia, mas \u00e9 o que proporciona os dias mais amenos e soalheiros do inverno. J\u00e1 janeiro, \u00e9 menos chuvoso, mas os dias s\u00e3o frios, s\u00f3 se tornando mais quentes em fevereiro (altura do famoso [&hellip;]<\/p>\n","protected":false},"author":1,"featured_media":175,"comment_status":"open","ping_status":"open","sticky":false,"template":"","format":"standard","meta":{"footnotes":""},"categories":[30],"tags":[],"class_list":["post-174","post","type-post","status-publish","format-standard","has-post-thumbnail","hentry","category-albufeira-2"],"yoast_head":"<!-- This site is optimized with the Yoast SEO plugin v26.5 - https:\/\/yoast.com\/wordpress\/plugins\/seo\/ -->\n<title>Algarve no Inverno - Blog<\/title>\n<meta name=\"robots\" content=\"index, follow, max-snippet:-1, max-image-preview:large, max-video-preview:-1\" \/>\n<link rel=\"canonical\" href=\"https:\/\/www.myportugalexperience.com\/blog\/algarve-no-inverno\/\" \/>\n<meta property=\"og:locale\" content=\"pt_PT\" \/>\n<meta property=\"og:type\" content=\"article\" \/>\n<meta property=\"og:title\" content=\"Algarve no Inverno - Blog\" \/>\n<meta property=\"og:description\" content=\"O inverno algarvio pode-se resumir em duas palavras: curto e chuvoso. Dezembro \u00e9 o m\u00eas da chuva intensa, com trovoada, por excel\u00eancia, mas \u00e9 o que proporciona os dias mais amenos e soalheiros do inverno. J\u00e1 janeiro, \u00e9 menos chuvoso, mas os dias s\u00e3o frios, s\u00f3 se tornando mais quentes em fevereiro (altura do famoso [&hellip;]\" \/>\n<meta property=\"og:url\" content=\"https:\/\/www.myportugalexperience.com\/blog\/algarve-no-inverno\/\" \/>\n<meta property=\"og:site_name\" content=\"Blog\" \/>\n<meta property=\"article:published_time\" content=\"2020-05-25T10:56:50+00:00\" \/>\n<meta property=\"article:modified_time\" content=\"2025-07-08T07:53:01+00:00\" \/>\n<meta property=\"og:image\" content=\"https:\/\/www.myportugalexperience.com\/blog\/wp-content\/uploads\/2020\/06\/algarve-no-inverno-1.jpeg\" \/>\n\t<meta property=\"og:image:width\" content=\"722\" \/>\n\t<meta property=\"og:image:height\" content=\"413\" \/>\n\t<meta property=\"og:image:type\" content=\"image\/jpeg\" \/>\n<meta name=\"author\" content=\"admin\" \/>\n<meta name=\"twitter:card\" content=\"summary_large_image\" \/>\n<meta name=\"twitter:label1\" content=\"Written by\" \/>\n\t<meta name=\"twitter:data1\" content=\"admin\" \/>\n\t<meta name=\"twitter:label2\" content=\"Est. reading time\" \/>\n\t<meta name=\"twitter:data2\" content=\"3 minutes\" \/>\n<script type=\"application\/ld+json\" class=\"yoast-schema-graph\">{\"@context\":\"https:\/\/schema.org\",\"@graph\":[{\"@type\":\"WebPage\",\"@id\":\"https:\/\/www.myportugalexperience.com\/blog\/algarve-no-inverno\/\",\"url\":\"https:\/\/www.myportugalexperience.com\/blog\/algarve-no-inverno\/\",\"name\":\"Algarve no Inverno - Blog\",\"isPartOf\":{\"@id\":\"https:\/\/www.myportugalexperience.com\/blog\/#website\"},\"primaryImageOfPage\":{\"@id\":\"https:\/\/www.myportugalexperience.com\/blog\/algarve-no-inverno\/#primaryimage\"},\"image\":{\"@id\":\"https:\/\/www.myportugalexperience.com\/blog\/algarve-no-inverno\/#primaryimage\"},\"thumbnailUrl\":\"https:\/\/www.myportugalexperience.com\/blog\/wp-content\/uploads\/2020\/06\/algarve-no-inverno-1.jpeg\",\"datePublished\":\"2020-05-25T10:56:50+00:00\",\"dateModified\":\"2025-07-08T07:53:01+00:00\",\"author\":{\"@id\":\"https:\/\/www.myportugalexperience.com\/blog\/#\/schema\/person\/40127941c1260afbad23c6167018db2d\"},\"breadcrumb\":{\"@id\":\"https:\/\/www.myportugalexperience.com\/blog\/algarve-no-inverno\/#breadcrumb\"},\"inLanguage\":\"pt\",\"potentialAction\":[{\"@type\":\"ReadAction\",\"target\":[\"https:\/\/www.myportugalexperience.com\/blog\/algarve-no-inverno\/\"]}]},{\"@type\":\"ImageObject\",\"inLanguage\":\"pt\",\"@id\":\"https:\/\/www.myportugalexperience.com\/blog\/algarve-no-inverno\/#primaryimage\",\"url\":\"https:\/\/www.myportugalexperience.com\/blog\/wp-content\/uploads\/2020\/06\/algarve-no-inverno-1.jpeg\",\"contentUrl\":\"https:\/\/www.myportugalexperience.com\/blog\/wp-content\/uploads\/2020\/06\/algarve-no-inverno-1.jpeg\",\"width\":722,\"height\":413,\"caption\":\"algarve no inverno\"},{\"@type\":\"BreadcrumbList\",\"@id\":\"https:\/\/www.myportugalexperience.com\/blog\/algarve-no-inverno\/#breadcrumb\",\"itemListElement\":[{\"@type\":\"ListItem\",\"position\":1,\"name\":\"Home\",\"item\":\"https:\/\/www.myportugalexperience.com\/blog\/\"},{\"@type\":\"ListItem\",\"position\":2,\"name\":\"Algarve no Inverno\"}]},{\"@type\":\"WebSite\",\"@id\":\"https:\/\/www.myportugalexperience.com\/blog\/#website\",\"url\":\"https:\/\/www.myportugalexperience.com\/blog\/\",\"name\":\"Blog\",\"description\":\"OC VILLAS\",\"potentialAction\":[{\"@type\":\"SearchAction\",\"target\":{\"@type\":\"EntryPoint\",\"urlTemplate\":\"https:\/\/www.myportugalexperience.com\/blog\/?s={search_term_string}\"},\"query-input\":{\"@type\":\"PropertyValueSpecification\",\"valueRequired\":true,\"valueName\":\"search_term_string\"}}],\"inLanguage\":\"pt\"},{\"@type\":\"Person\",\"@id\":\"https:\/\/www.myportugalexperience.com\/blog\/#\/schema\/person\/40127941c1260afbad23c6167018db2d\",\"name\":\"admin\",\"image\":{\"@type\":\"ImageObject\",\"inLanguage\":\"pt\",\"@id\":\"https:\/\/www.myportugalexperience.com\/blog\/#\/schema\/person\/image\/\",\"url\":\"https:\/\/secure.gravatar.com\/avatar\/c17c5233fdd7246c8da074504987f3b1c1708717ae87150137e1629cff920ec2?s=96&d=mm&r=g\",\"contentUrl\":\"https:\/\/secure.gravatar.com\/avatar\/c17c5233fdd7246c8da074504987f3b1c1708717ae87150137e1629cff920ec2?s=96&d=mm&r=g\",\"caption\":\"admin\"},\"sameAs\":[\"https:\/\/myportugalexperience.com\/blog\"],\"url\":\"https:\/\/www.myportugalexperience.com\/blog\/author\/avantio\/\"}]}<\/script>\n<!-- \/ Yoast SEO plugin. -->","yoast_head_json":{"title":"Algarve no Inverno - Blog","robots":{"index":"index","follow":"follow","max-snippet":"max-snippet:-1","max-image-preview":"max-image-preview:large","max-video-preview":"max-video-preview:-1"},"canonical":"https:\/\/www.myportugalexperience.com\/blog\/algarve-no-inverno\/","og_locale":"pt_PT","og_type":"article","og_title":"Algarve no Inverno - Blog","og_description":"O inverno algarvio pode-se resumir em duas palavras: curto e chuvoso. Dezembro \u00e9 o m\u00eas da chuva intensa, com trovoada, por excel\u00eancia, mas \u00e9 o que proporciona os dias mais amenos e soalheiros do inverno. J\u00e1 janeiro, \u00e9 menos chuvoso, mas os dias s\u00e3o frios, s\u00f3 se tornando mais quentes em fevereiro (altura do famoso [&hellip;]","og_url":"https:\/\/www.myportugalexperience.com\/blog\/algarve-no-inverno\/","og_site_name":"Blog","article_published_time":"2020-05-25T10:56:50+00:00","article_modified_time":"2025-07-08T07:53:01+00:00","og_image":[{"width":722,"height":413,"url":"https:\/\/www.myportugalexperience.com\/blog\/wp-content\/uploads\/2020\/06\/algarve-no-inverno-1.jpeg","type":"image\/jpeg"}],"author":"admin","twitter_card":"summary_large_image","twitter_misc":{"Written by":"admin","Est. reading time":"3 minutes"},"schema":{"@context":"https:\/\/schema.org","@graph":[{"@type":"WebPage","@id":"https:\/\/www.myportugalexperience.com\/blog\/algarve-no-inverno\/","url":"https:\/\/www.myportugalexperience.com\/blog\/algarve-no-inverno\/","name":"Algarve no Inverno - Blog","isPartOf":{"@id":"https:\/\/www.myportugalexperience.com\/blog\/#website"},"primaryImageOfPage":{"@id":"https:\/\/www.myportugalexperience.com\/blog\/algarve-no-inverno\/#primaryimage"},"image":{"@id":"https:\/\/www.myportugalexperience.com\/blog\/algarve-no-inverno\/#primaryimage"},"thumbnailUrl":"https:\/\/www.myportugalexperience.com\/blog\/wp-content\/uploads\/2020\/06\/algarve-no-inverno-1.jpeg","datePublished":"2020-05-25T10:56:50+00:00","dateModified":"2025-07-08T07:53:01+00:00","author":{"@id":"https:\/\/www.myportugalexperience.com\/blog\/#\/schema\/person\/40127941c1260afbad23c6167018db2d"},"breadcrumb":{"@id":"https:\/\/www.myportugalexperience.com\/blog\/algarve-no-inverno\/#breadcrumb"},"inLanguage":"pt","potentialAction":[{"@type":"ReadAction","target":["https:\/\/www.myportugalexperience.com\/blog\/algarve-no-inverno\/"]}]},{"@type":"ImageObject","inLanguage":"pt","@id":"https:\/\/www.myportugalexperience.com\/blog\/algarve-no-inverno\/#primaryimage","url":"https:\/\/www.myportugalexperience.com\/blog\/wp-content\/uploads\/2020\/06\/algarve-no-inverno-1.jpeg","contentUrl":"https:\/\/www.myportugalexperience.com\/blog\/wp-content\/uploads\/2020\/06\/algarve-no-inverno-1.jpeg","width":722,"height":413,"caption":"algarve no inverno"},{"@type":"BreadcrumbList","@id":"https:\/\/www.myportugalexperience.com\/blog\/algarve-no-inverno\/#breadcrumb","itemListElement":[{"@type":"ListItem","position":1,"name":"Home","item":"https:\/\/www.myportugalexperience.com\/blog\/"},{"@type":"ListItem","position":2,"name":"Algarve no Inverno"}]},{"@type":"WebSite","@id":"https:\/\/www.myportugalexperience.com\/blog\/#website","url":"https:\/\/www.myportugalexperience.com\/blog\/","name":"Blog","description":"OC VILLAS","potentialAction":[{"@type":"SearchAction","target":{"@type":"EntryPoint","urlTemplate":"https:\/\/www.myportugalexperience.com\/blog\/?s={search_term_string}"},"query-input":{"@type":"PropertyValueSpecification","valueRequired":true,"valueName":"search_term_string"}}],"inLanguage":"pt"},{"@type":"Person","@id":"https:\/\/www.myportugalexperience.com\/blog\/#\/schema\/person\/40127941c1260afbad23c6167018db2d","name":"admin","image":{"@type":"ImageObject","inLanguage":"pt","@id":"https:\/\/www.myportugalexperience.com\/blog\/#\/schema\/person\/image\/","url":"https:\/\/secure.gravatar.com\/avatar\/c17c5233fdd7246c8da074504987f3b1c1708717ae87150137e1629cff920ec2?s=96&d=mm&r=g","contentUrl":"https:\/\/secure.gravatar.com\/avatar\/c17c5233fdd7246c8da074504987f3b1c1708717ae87150137e1629cff920ec2?s=96&d=mm&r=g","caption":"admin"},"sameAs":["https:\/\/myportugalexperience.com\/blog"],"url":"https:\/\/www.myportugalexperience.com\/blog\/author\/avantio\/"}]}},"_links":{"self":[{"href":"https:\/\/www.myportugalexperience.com\/blog\/wp-json\/wp\/v2\/posts\/174","targetHints":{"allow":["GET"]}}],"collection":[{"href":"https:\/\/www.myportugalexperience.com\/blog\/wp-json\/wp\/v2\/posts"}],"about":[{"href":"https:\/\/www.myportugalexperience.com\/blog\/wp-json\/wp\/v2\/types\/post"}],"author":[{"embeddable":true,"href":"https:\/\/www.myportugalexperience.com\/blog\/wp-json\/wp\/v2\/users\/1"}],"replies":[{"embeddable":true,"href":"https:\/\/www.myportugalexperience.com\/blog\/wp-json\/wp\/v2\/comments?post=174"}],"version-history":[{"count":1,"href":"https:\/\/www.myportugalexperience.com\/blog\/wp-json\/wp\/v2\/posts\/174\/revisions"}],"predecessor-version":[{"id":177,"href":"https:\/\/www.myportugalexperience.com\/blog\/wp-json\/wp\/v2\/posts\/174\/revisions\/177"}],"wp:featuredmedia":[{"embeddable":true,"href":"https:\/\/www.myportugalexperience.com\/blog\/wp-json\/wp\/v2\/media\/175"}],"wp:attachment":[{"href":"https:\/\/www.myportugalexperience.com\/blog\/wp-json\/wp\/v2\/media?parent=174"}],"wp:term":[{"taxonomy":"category","embeddable":true,"href":"https:\/\/www.myportugalexperience.com\/blog\/wp-json\/wp\/v2\/categories?post=174"},{"taxonomy":"post_tag","embeddable":true,"href":"https:\/\/www.myportugalexperience.com\/blog\/wp-json\/wp\/v2\/tags?post=174"}],"curies":[{"name":"wp","href":"https:\/\/api.w.org\/{rel}","templated":true}]}}