{"id":178,"date":"2020-05-25T11:07:08","date_gmt":"2020-05-25T11:07:08","guid":{"rendered":"https:\/\/www.myportugalexperience.com\/blog\/?p=178"},"modified":"2025-07-08T07:52:54","modified_gmt":"2025-07-08T07:52:54","slug":"guia-para-uma-visita-a-aljezur","status":"publish","type":"post","link":"https:\/\/www.myportugalexperience.com\/blog\/guia-para-uma-visita-a-aljezur\/","title":{"rendered":"Guia para uma visita a Aljezur"},"content":{"rendered":"\n<p>Praia de Odeceixe? Praia do Amado? Praia da Arrifana? Praia da Bordeira? Praia do Monte Cl\u00e9rigo? Praia da Samouqueira? Quem j\u00e1 n\u00e3o ouviu falar destas praias lind\u00edssimas? Conhecidas pela sua beleza natural e pelas boas caracter\u00edsticas para a pr\u00e1tica de surf, estas praias garantem toda uma divers\u00e3o seja para o inverno como para o ver\u00e3o.<\/p>\n\n\n\n<p>Enquanto que o ver\u00e3o apela mais ao lazer, aos desportos de mar e a longas caminhadas, o inverno acaba por n\u00e3o ser muito diferente\u2026 Desportos como o surf e bodyboard s\u00e3o uma constante, devido ao maior n\u00edvel das ondas, e as caminhadas ganham outra dimens\u00e3o, visto exigirem mais dos caminhantes.<\/p>\n\n\n\n<p>No entanto, Aljezur n\u00e3o \u00e9 s\u00f3 praias e desportos de natureza, \u00e9 tamb\u00e9m um centro importante de cultura e de Hist\u00f3ria.<\/p>\n\n\n\n<h2 class=\"wp-block-heading\">A cultura que se imp\u00f5em<\/h2>\n\n\n\n<p>Esta vila, e sede de concelho, algarvia \u00e9 uma terra de origens remotas e a provar temos o Museu Municipal de Aljezur, com tr\u00eas grandes \u00e1reas museol\u00f3gicas: N\u00facleo de Arqueologia, N\u00facleo Etnogr\u00e1fico e uma Sala Isl\u00e2mica de Legado Andalusino.<\/p>\n\n\n\n<p>O visitante percorre neste espa\u00e7o os mais de dez mil anos de Hist\u00f3ria humana na regi\u00e3o, desde a Idade Glaci\u00e1ria ao in\u00edcio do s\u00e9culo XX, com destaque para o per\u00edodo isl\u00e2mico, documentados com artefactos e objetos v\u00e1rios, testemunhos de outras eras e outras formas de viver. Esta \u00e9 uma importante heran\u00e7a e um legado sem valor, que ocupa o antigo edif\u00edcio municipal e que se encontra \u00e0 sua espera.<\/p>\n\n\n\n<p>Fora da sede de munic\u00edpio, destacamos o Museu do Mar e da Terra da Carrapateira, um espa\u00e7o da nova gera\u00e7\u00e3o de museus locais. Este espa\u00e7o, constru\u00eddo de raiz na aldeia da Carrapateira, contou com o apoio dos locais na recolha de objetos e a quem deve parte consider\u00e1vel do seu esp\u00f3lio.<\/p>\n\n\n\n<p>Este tra\u00e7o humano torna o Museu do Mar e da Terra \u00fanico e insere-o na corrente mais abrangente e contempor\u00e2nea da nova museologia. O museu tem, assim, uma identidade que se alarga a outros horizontes, como a geografia humana, a ecologia e o desenvolvimento da regi\u00e3o em que se insere.<\/p>\n\n\n\n<h2 class=\"wp-block-heading\">Hist\u00f3ria secular<\/h2>\n\n\n\n<p>J\u00e1 que o museu nos levou ao mar, continuemos por l\u00e1 e falemos do Ribat de Arrifana, tamb\u00e9m conhecido por Castelo ou Fortaleza de Arrifana, uma edifica\u00e7\u00e3o s\u00f3 descoberta em 2001, quase 900 anos depois da sua funda\u00e7\u00e3o.<\/p>\n\n\n\n<p>Identificado a cerca de seis quil\u00f3metros de Aljezur, na Ponta da Atalaia, este convento-fortaleza, de car\u00e1ter eremita, foi fundado por Ibn Qas\u00ee em 1130 e, desde o seu in\u00edcio, foi associado \u00e0 ora\u00e7\u00e3o, mas tamb\u00e9m \u00e0 vigil\u00e2ncia costeira.<\/p>\n\n\n\n<p>Ibn Qas\u00ee, relembre-se, era uma das principais figuras politicas e religiosas do Al-Andalus (nome dado pelos Mouros \u00e0 Pen\u00ednsula Ib\u00e9rica isl\u00e2mica) e foi fundamental na conquista de territ\u00f3rios entre o Tejo e o Mondego. Este l\u00edder mouro estabeleceu um importante pacto, com D. Afonso Henriques, contra o governador de Silves e esta alian\u00e7a permitiu ao rei de Portugal atacar v\u00e1rias posses da cidade mourisca.<\/p>\n\n\n\n<p>Ainda falando em fortifica\u00e7\u00f5es, n\u00e3o poder\u00edamos deixar de referir o Castelo de Aljezur. Constru\u00eddo no s\u00e9culo X, este castelo foi testemunha de v\u00e1rias batalhas, de diferentes remodela\u00e7\u00f5es e de diversas opini\u00f5es sobre a sua conquista.<\/p>\n\n\n\n<p>H\u00e1 quem diga que a povoa\u00e7\u00e3o e o castelo passaram para os dom\u00ednios do rei D. Sancho II, a 24 de junho de 1242 ou de 1246. Outros ainda afirmam que a conquista foi entre 1243 e, por a\u00e7\u00e3o do Mestre da Ordem de Santiago, D. Paio Peres Correia.<\/p>\n\n\n\n<p>Tamb\u00e9m h\u00e1 autores que dizem que foi a pedido de D. Afonso III (1248-1279), que o mesmo Mestre, na madrugada de 24 de junho de 1249, dia de S\u00e3o Jo\u00e3o, tomou posse da fortifica\u00e7\u00e3o. No entanto, A Cr\u00f3nica da Conquista do Algarve refere que Aljezur foi a \u00faltima pra\u00e7a do Algarve a ser conquistada, no ano 1249.<\/p>\n\n\n\n<p>Quanto a n\u00f3s, sugerimos que fa\u00e7a a sua pr\u00f3pria conquista e venha conhecer mais este concelho do Algarve. Passeie-se nas praias e nas arribas, visite os museus e respire Hist\u00f3ria nestes bel\u00edssimos castelos. Aljezur \u00e9 mais do que praias, \u00e9 cultura e Hist\u00f3ria.<\/p>\n","protected":false},"excerpt":{"rendered":"<p>Praia de Odeceixe? Praia do Amado? Praia da Arrifana? Praia da Bordeira? Praia do Monte Cl\u00e9rigo? Praia da Samouqueira? Quem j\u00e1 n\u00e3o ouviu falar destas praias lind\u00edssimas? Conhecidas pela sua beleza natural e pelas boas caracter\u00edsticas para a pr\u00e1tica de surf, estas praias garantem toda uma divers\u00e3o seja para o inverno como para o ver\u00e3o. [&hellip;]<\/p>\n","protected":false},"author":1,"featured_media":179,"comment_status":"open","ping_status":"open","sticky":false,"template":"","format":"standard","meta":{"footnotes":""},"categories":[30],"tags":[],"class_list":["post-178","post","type-post","status-publish","format-standard","has-post-thumbnail","hentry","category-albufeira-2"],"yoast_head":"<!-- This site is optimized with the Yoast SEO plugin v26.5 - https:\/\/yoast.com\/wordpress\/plugins\/seo\/ -->\n<title>Guia para uma visita a Aljezur - Blog<\/title>\n<meta name=\"robots\" content=\"index, follow, max-snippet:-1, max-image-preview:large, max-video-preview:-1\" \/>\n<link rel=\"canonical\" href=\"https:\/\/www.myportugalexperience.com\/blog\/guia-para-uma-visita-a-aljezur\/\" \/>\n<meta property=\"og:locale\" content=\"pt_PT\" \/>\n<meta property=\"og:type\" content=\"article\" \/>\n<meta property=\"og:title\" content=\"Guia para uma visita a Aljezur - Blog\" \/>\n<meta property=\"og:description\" content=\"Praia de Odeceixe? Praia do Amado? Praia da Arrifana? Praia da Bordeira? Praia do Monte Cl\u00e9rigo? Praia da Samouqueira? Quem j\u00e1 n\u00e3o ouviu falar destas praias lind\u00edssimas? Conhecidas pela sua beleza natural e pelas boas caracter\u00edsticas para a pr\u00e1tica de surf, estas praias garantem toda uma divers\u00e3o seja para o inverno como para o ver\u00e3o. [&hellip;]\" \/>\n<meta property=\"og:url\" content=\"https:\/\/www.myportugalexperience.com\/blog\/guia-para-uma-visita-a-aljezur\/\" \/>\n<meta property=\"og:site_name\" content=\"Blog\" \/>\n<meta property=\"article:published_time\" content=\"2020-05-25T11:07:08+00:00\" \/>\n<meta property=\"article:modified_time\" content=\"2025-07-08T07:52:54+00:00\" \/>\n<meta property=\"og:image\" content=\"https:\/\/www.myportugalexperience.com\/blog\/wp-content\/uploads\/2020\/06\/visitar-aljezur.jpeg\" \/>\n\t<meta property=\"og:image:width\" content=\"722\" \/>\n\t<meta property=\"og:image:height\" content=\"413\" \/>\n\t<meta property=\"og:image:type\" content=\"image\/jpeg\" \/>\n<meta name=\"author\" content=\"admin\" \/>\n<meta name=\"twitter:card\" content=\"summary_large_image\" \/>\n<meta name=\"twitter:label1\" content=\"Written by\" \/>\n\t<meta name=\"twitter:data1\" content=\"admin\" \/>\n\t<meta name=\"twitter:label2\" content=\"Est. reading time\" \/>\n\t<meta name=\"twitter:data2\" content=\"4 minutes\" \/>\n<script type=\"application\/ld+json\" class=\"yoast-schema-graph\">{\"@context\":\"https:\/\/schema.org\",\"@graph\":[{\"@type\":\"WebPage\",\"@id\":\"https:\/\/www.myportugalexperience.com\/blog\/guia-para-uma-visita-a-aljezur\/\",\"url\":\"https:\/\/www.myportugalexperience.com\/blog\/guia-para-uma-visita-a-aljezur\/\",\"name\":\"Guia para uma visita a Aljezur - Blog\",\"isPartOf\":{\"@id\":\"https:\/\/www.myportugalexperience.com\/blog\/#website\"},\"primaryImageOfPage\":{\"@id\":\"https:\/\/www.myportugalexperience.com\/blog\/guia-para-uma-visita-a-aljezur\/#primaryimage\"},\"image\":{\"@id\":\"https:\/\/www.myportugalexperience.com\/blog\/guia-para-uma-visita-a-aljezur\/#primaryimage\"},\"thumbnailUrl\":\"https:\/\/www.myportugalexperience.com\/blog\/wp-content\/uploads\/2020\/06\/visitar-aljezur.jpeg\",\"datePublished\":\"2020-05-25T11:07:08+00:00\",\"dateModified\":\"2025-07-08T07:52:54+00:00\",\"author\":{\"@id\":\"https:\/\/www.myportugalexperience.com\/blog\/#\/schema\/person\/40127941c1260afbad23c6167018db2d\"},\"breadcrumb\":{\"@id\":\"https:\/\/www.myportugalexperience.com\/blog\/guia-para-uma-visita-a-aljezur\/#breadcrumb\"},\"inLanguage\":\"pt\",\"potentialAction\":[{\"@type\":\"ReadAction\",\"target\":[\"https:\/\/www.myportugalexperience.com\/blog\/guia-para-uma-visita-a-aljezur\/\"]}]},{\"@type\":\"ImageObject\",\"inLanguage\":\"pt\",\"@id\":\"https:\/\/www.myportugalexperience.com\/blog\/guia-para-uma-visita-a-aljezur\/#primaryimage\",\"url\":\"https:\/\/www.myportugalexperience.com\/blog\/wp-content\/uploads\/2020\/06\/visitar-aljezur.jpeg\",\"contentUrl\":\"https:\/\/www.myportugalexperience.com\/blog\/wp-content\/uploads\/2020\/06\/visitar-aljezur.jpeg\",\"width\":722,\"height\":413,\"caption\":\"visitar aljezur\"},{\"@type\":\"BreadcrumbList\",\"@id\":\"https:\/\/www.myportugalexperience.com\/blog\/guia-para-uma-visita-a-aljezur\/#breadcrumb\",\"itemListElement\":[{\"@type\":\"ListItem\",\"position\":1,\"name\":\"Home\",\"item\":\"https:\/\/www.myportugalexperience.com\/blog\/\"},{\"@type\":\"ListItem\",\"position\":2,\"name\":\"Guia para uma visita a Aljezur\"}]},{\"@type\":\"WebSite\",\"@id\":\"https:\/\/www.myportugalexperience.com\/blog\/#website\",\"url\":\"https:\/\/www.myportugalexperience.com\/blog\/\",\"name\":\"Blog\",\"description\":\"OC VILLAS\",\"potentialAction\":[{\"@type\":\"SearchAction\",\"target\":{\"@type\":\"EntryPoint\",\"urlTemplate\":\"https:\/\/www.myportugalexperience.com\/blog\/?s={search_term_string}\"},\"query-input\":{\"@type\":\"PropertyValueSpecification\",\"valueRequired\":true,\"valueName\":\"search_term_string\"}}],\"inLanguage\":\"pt\"},{\"@type\":\"Person\",\"@id\":\"https:\/\/www.myportugalexperience.com\/blog\/#\/schema\/person\/40127941c1260afbad23c6167018db2d\",\"name\":\"admin\",\"image\":{\"@type\":\"ImageObject\",\"inLanguage\":\"pt\",\"@id\":\"https:\/\/www.myportugalexperience.com\/blog\/#\/schema\/person\/image\/\",\"url\":\"https:\/\/secure.gravatar.com\/avatar\/c17c5233fdd7246c8da074504987f3b1c1708717ae87150137e1629cff920ec2?s=96&d=mm&r=g\",\"contentUrl\":\"https:\/\/secure.gravatar.com\/avatar\/c17c5233fdd7246c8da074504987f3b1c1708717ae87150137e1629cff920ec2?s=96&d=mm&r=g\",\"caption\":\"admin\"},\"sameAs\":[\"https:\/\/myportugalexperience.com\/blog\"],\"url\":\"https:\/\/www.myportugalexperience.com\/blog\/author\/avantio\/\"}]}<\/script>\n<!-- \/ Yoast SEO plugin. -->","yoast_head_json":{"title":"Guia para uma visita a Aljezur - Blog","robots":{"index":"index","follow":"follow","max-snippet":"max-snippet:-1","max-image-preview":"max-image-preview:large","max-video-preview":"max-video-preview:-1"},"canonical":"https:\/\/www.myportugalexperience.com\/blog\/guia-para-uma-visita-a-aljezur\/","og_locale":"pt_PT","og_type":"article","og_title":"Guia para uma visita a Aljezur - Blog","og_description":"Praia de Odeceixe? Praia do Amado? Praia da Arrifana? Praia da Bordeira? Praia do Monte Cl\u00e9rigo? Praia da Samouqueira? Quem j\u00e1 n\u00e3o ouviu falar destas praias lind\u00edssimas? Conhecidas pela sua beleza natural e pelas boas caracter\u00edsticas para a pr\u00e1tica de surf, estas praias garantem toda uma divers\u00e3o seja para o inverno como para o ver\u00e3o. [&hellip;]","og_url":"https:\/\/www.myportugalexperience.com\/blog\/guia-para-uma-visita-a-aljezur\/","og_site_name":"Blog","article_published_time":"2020-05-25T11:07:08+00:00","article_modified_time":"2025-07-08T07:52:54+00:00","og_image":[{"width":722,"height":413,"url":"https:\/\/www.myportugalexperience.com\/blog\/wp-content\/uploads\/2020\/06\/visitar-aljezur.jpeg","type":"image\/jpeg"}],"author":"admin","twitter_card":"summary_large_image","twitter_misc":{"Written by":"admin","Est. reading time":"4 minutes"},"schema":{"@context":"https:\/\/schema.org","@graph":[{"@type":"WebPage","@id":"https:\/\/www.myportugalexperience.com\/blog\/guia-para-uma-visita-a-aljezur\/","url":"https:\/\/www.myportugalexperience.com\/blog\/guia-para-uma-visita-a-aljezur\/","name":"Guia para uma visita a Aljezur - Blog","isPartOf":{"@id":"https:\/\/www.myportugalexperience.com\/blog\/#website"},"primaryImageOfPage":{"@id":"https:\/\/www.myportugalexperience.com\/blog\/guia-para-uma-visita-a-aljezur\/#primaryimage"},"image":{"@id":"https:\/\/www.myportugalexperience.com\/blog\/guia-para-uma-visita-a-aljezur\/#primaryimage"},"thumbnailUrl":"https:\/\/www.myportugalexperience.com\/blog\/wp-content\/uploads\/2020\/06\/visitar-aljezur.jpeg","datePublished":"2020-05-25T11:07:08+00:00","dateModified":"2025-07-08T07:52:54+00:00","author":{"@id":"https:\/\/www.myportugalexperience.com\/blog\/#\/schema\/person\/40127941c1260afbad23c6167018db2d"},"breadcrumb":{"@id":"https:\/\/www.myportugalexperience.com\/blog\/guia-para-uma-visita-a-aljezur\/#breadcrumb"},"inLanguage":"pt","potentialAction":[{"@type":"ReadAction","target":["https:\/\/www.myportugalexperience.com\/blog\/guia-para-uma-visita-a-aljezur\/"]}]},{"@type":"ImageObject","inLanguage":"pt","@id":"https:\/\/www.myportugalexperience.com\/blog\/guia-para-uma-visita-a-aljezur\/#primaryimage","url":"https:\/\/www.myportugalexperience.com\/blog\/wp-content\/uploads\/2020\/06\/visitar-aljezur.jpeg","contentUrl":"https:\/\/www.myportugalexperience.com\/blog\/wp-content\/uploads\/2020\/06\/visitar-aljezur.jpeg","width":722,"height":413,"caption":"visitar aljezur"},{"@type":"BreadcrumbList","@id":"https:\/\/www.myportugalexperience.com\/blog\/guia-para-uma-visita-a-aljezur\/#breadcrumb","itemListElement":[{"@type":"ListItem","position":1,"name":"Home","item":"https:\/\/www.myportugalexperience.com\/blog\/"},{"@type":"ListItem","position":2,"name":"Guia para uma visita a Aljezur"}]},{"@type":"WebSite","@id":"https:\/\/www.myportugalexperience.com\/blog\/#website","url":"https:\/\/www.myportugalexperience.com\/blog\/","name":"Blog","description":"OC VILLAS","potentialAction":[{"@type":"SearchAction","target":{"@type":"EntryPoint","urlTemplate":"https:\/\/www.myportugalexperience.com\/blog\/?s={search_term_string}"},"query-input":{"@type":"PropertyValueSpecification","valueRequired":true,"valueName":"search_term_string"}}],"inLanguage":"pt"},{"@type":"Person","@id":"https:\/\/www.myportugalexperience.com\/blog\/#\/schema\/person\/40127941c1260afbad23c6167018db2d","name":"admin","image":{"@type":"ImageObject","inLanguage":"pt","@id":"https:\/\/www.myportugalexperience.com\/blog\/#\/schema\/person\/image\/","url":"https:\/\/secure.gravatar.com\/avatar\/c17c5233fdd7246c8da074504987f3b1c1708717ae87150137e1629cff920ec2?s=96&d=mm&r=g","contentUrl":"https:\/\/secure.gravatar.com\/avatar\/c17c5233fdd7246c8da074504987f3b1c1708717ae87150137e1629cff920ec2?s=96&d=mm&r=g","caption":"admin"},"sameAs":["https:\/\/myportugalexperience.com\/blog"],"url":"https:\/\/www.myportugalexperience.com\/blog\/author\/avantio\/"}]}},"_links":{"self":[{"href":"https:\/\/www.myportugalexperience.com\/blog\/wp-json\/wp\/v2\/posts\/178","targetHints":{"allow":["GET"]}}],"collection":[{"href":"https:\/\/www.myportugalexperience.com\/blog\/wp-json\/wp\/v2\/posts"}],"about":[{"href":"https:\/\/www.myportugalexperience.com\/blog\/wp-json\/wp\/v2\/types\/post"}],"author":[{"embeddable":true,"href":"https:\/\/www.myportugalexperience.com\/blog\/wp-json\/wp\/v2\/users\/1"}],"replies":[{"embeddable":true,"href":"https:\/\/www.myportugalexperience.com\/blog\/wp-json\/wp\/v2\/comments?post=178"}],"version-history":[{"count":1,"href":"https:\/\/www.myportugalexperience.com\/blog\/wp-json\/wp\/v2\/posts\/178\/revisions"}],"predecessor-version":[{"id":181,"href":"https:\/\/www.myportugalexperience.com\/blog\/wp-json\/wp\/v2\/posts\/178\/revisions\/181"}],"wp:featuredmedia":[{"embeddable":true,"href":"https:\/\/www.myportugalexperience.com\/blog\/wp-json\/wp\/v2\/media\/179"}],"wp:attachment":[{"href":"https:\/\/www.myportugalexperience.com\/blog\/wp-json\/wp\/v2\/media?parent=178"}],"wp:term":[{"taxonomy":"category","embeddable":true,"href":"https:\/\/www.myportugalexperience.com\/blog\/wp-json\/wp\/v2\/categories?post=178"},{"taxonomy":"post_tag","embeddable":true,"href":"https:\/\/www.myportugalexperience.com\/blog\/wp-json\/wp\/v2\/tags?post=178"}],"curies":[{"name":"wp","href":"https:\/\/api.w.org\/{rel}","templated":true}]}}