{"id":2155,"date":"2026-01-28T09:18:15","date_gmt":"2026-01-28T09:18:15","guid":{"rendered":"https:\/\/www.myportugalexperience.com\/blog\/?p=2155"},"modified":"2026-01-28T09:18:17","modified_gmt":"2026-01-28T09:18:17","slug":"ponte-medieval-de-paderne","status":"publish","type":"post","link":"https:\/\/www.myportugalexperience.com\/blog\/ponte-medieval-de-paderne\/","title":{"rendered":"Explorar a Ponte Medieval de Paderne e o interior do Algarve"},"content":{"rendered":"\n<p>Se s\u00f3 conhece o Algarve pelas suas praias, est\u00e1 a perder parte da hist\u00f3ria. No interior de Albufeira, encontra-se a Ponte Medieval de Paderne, uma modesta ponte de pedra que transportou pessoas, animais, carro\u00e7as e momentos tranquilos atrav\u00e9s do rio Quarteira durante s\u00e9culos. Foi constru\u00edda para durar, n\u00e3o para impressionar.  <\/p>\n\n<h2 class=\"wp-block-heading\">A Ponte Medieval de Paderne. Por que \u00e9 que ainda importa? <\/h2>\n\n<p>A Ponte Medieval de Paderne liga mais do que duas margens de rio. Liga o passado interior do Algarve com a regi\u00e3o moderna que as pessoas veem hoje. Situada num vale pouco profundo, rodeada por campos e colinas baixas, a ponte parece praticamente intocada pelo tempo, apesar de muito ter passado por baixo dela.  <\/p>\n\n<p>Ainda \u00e9 utilizada por habitantes locais e caminhantes, e atrai fot\u00f3grafos que apreciam lugares que n\u00e3o foram excessivamente explorados. \u00c9 uma paragem f\u00e1cil, mas que tende a permanecer na mem\u00f3ria. <\/p>\n\n<p>Ouvir\u00e1 frequentemente falar dela juntamente com locais hist\u00f3ricos pr\u00f3ximos, mas a ponte n\u00e3o depende de compara\u00e7\u00f5es. Simplesmente continua a fazer o que sempre fez. <\/p>\n\n<figure class=\"wp-block-image size-full is-resized\"><img fetchpriority=\"high\" decoding=\"async\" width=\"680\" height=\"382\" src=\"https:\/\/www.myportugalexperience.com\/blog\/wp-content\/uploads\/2026\/01\/Ponte-medieval-Paderne.webp\" alt=\"\" class=\"wp-image-2060\" style=\"width:800px;height:auto\" srcset=\"https:\/\/www.myportugalexperience.com\/blog\/wp-content\/uploads\/2026\/01\/Ponte-medieval-Paderne.webp 680w, https:\/\/www.myportugalexperience.com\/blog\/wp-content\/uploads\/2026\/01\/Ponte-medieval-Paderne-300x169.webp 300w\" sizes=\"(max-width: 680px) 100vw, 680px\" \/><\/figure>\n\n<h2 class=\"wp-block-heading\">Hist\u00f3ria da Ponte Medieval de Paderne e arredores<\/h2>\n\n<p>A ponte remonta ao per\u00edodo medieval, provavelmente constru\u00edda sobre funda\u00e7\u00f5es romanas ou mouriscas anteriores. Este trecho do Algarve j\u00e1 foi uma paisagem de trabalho, em vez de um destino de lazer, e travessias como esta eram essenciais para o com\u00e9rcio, a agricultura e a circula\u00e7\u00e3o quotidiana. <\/p>\n\n<p>Os seus arcos de pedra s\u00e3o simples e funcionais, concebidos para resistir a inunda\u00e7\u00f5es sazonais e \u00e0 utiliza\u00e7\u00e3o constante. As repara\u00e7\u00f5es ao longo dos s\u00e9culos utilizaram materiais locais, raz\u00e3o pela qual a ponte se integra t\u00e3o bem no seu ambiente. <\/p>\n\n<p>Na \u00e1rea em redor da ponte, poder\u00e1 notar pain\u00e9is informativos, por vezes referidos localmente como As Placas da Ponte Medieval de Paderne. Quando presentes, ajudam a situar a ponte no seu contexto hist\u00f3rico mais amplo, explicando como o vale do rio sustentou a agricultura e a circula\u00e7\u00e3o muito antes da expans\u00e3o das cidades costeiras. <\/p>\n\n<p>Poder\u00e1 tamb\u00e9m encontrar o nome Ponte Medieval de Paderno em refer\u00eancias mais antigas. \u00c9 a mesma ponte, apenas com uma grafia diferente. <\/p>\n\n<h2 class=\"wp-block-heading\">Como chegar \u00e0 Ponte Medieval de Paderne e o que esperar \u00e0 chegada<\/h2>\n\n<p>Chegar \u00e0 ponte \u00e9 simples, principalmente se estiver hospedado em Albufeira ou nos arredores. Uma curta viagem de carro para o interior leva-o \u00e0 aldeia de Paderne, de onde estradas sinalizadas conduzem ao vale do rio. <\/p>\n\n<p>Existe estacionamento informal nas proximidades, geralmente em terra compactada em vez de alcatr\u00e3o. A partir da\u00ed, \u00e9 uma caminhada curta, maioritariamente plana, at\u00e9 \u00e0 pr\u00f3pria ponte. N\u00e3o h\u00e1 port\u00f5es, nem bilheteira, nem hor\u00e1rio de funcionamento.  <\/p>\n\n<p>Esta n\u00e3o \u00e9 uma atra\u00e7\u00e3o gerida, pelo que um pouco de prepara\u00e7\u00e3o ajuda. Cal\u00e7ado adequado \u00e9 \u00fatil, especialmente depois da chuva. No ver\u00e3o, leve \u00e1gua. A sombra \u00e9 limitada e o calor do interior aumenta rapidamente.   <\/p>\n\n<iframe src=\"https:\/\/www.google.com\/maps\/embed?pb=!1m18!1m12!1m3!1d42779.47299027861!2d-8.202912032567086!3d37.16212056475078!2m3!1f0!2f0!3f0!3m2!1i1024!2i768!4f13.1!3m3!1m2!1s0xd1ac8e9cf4b7f01%3A0x718598aea04f5c43!2sPuente%20medieval%20de%20Paderne!5e0!3m2!1ses!2ses!4v1768319347858!5m2!1ses!2ses\" width=\"600\" height=\"450\" style=\"border:0;\" allowfullscreen=\"\" loading=\"lazy\" referrerpolicy=\"no-referrer-when-downgrade\"><\/iframe>\n\n<h2 class=\"wp-block-heading\">Percursos pedestres e a paisagem em redor da Ponte Medieval de Paderne<\/h2>\n\n<p>A Ponte Medieval de Paderne est\u00e1 situada numa das melhores \u00e1reas para caminhadas no interior do Algarve, seguindo o curso do rio Quarteira atrav\u00e9s de uma paisagem de vale aberto.<\/p>\n\n<p>Um pequeno percurso circular passa pelo vale, atravessa a ponte e volta a subir atrav\u00e9s de terras agr\u00edcolas e terrenos baixos de barrocal. De baixo, a ponte \u00e9 vista no seu melhor, emoldurada pelo rio e pelos campos circundantes, em vez de estradas ou edif\u00edcios. <\/p>\n\n<p>A ponte tamb\u00e9m faz parte do percurso pedestre PR1 ABF, um trilho circular mais longo que liga os principais locais hist\u00f3ricos da \u00e1rea. Ao longo do caminho, passa pela ponte medieval, pelos vest\u00edgios do antigo Moinho de \u00c1gua do Castelo e por terras agr\u00edcolas produtivas que mostram como a \u00e1gua moldou a vida quotidiana aqui. O percurso est\u00e1 bem sinalizado e \u00e9 adequado para quem se sente confort\u00e1vel com caminhadas constantes.  <\/p>\n\n<p>Estes caminhos ligam-se a tro\u00e7os da Via Algarviana, o trilho de longa dist\u00e2ncia que atravessa o Algarve de este a oeste. N\u00e3o precisa de percorrer muito terreno para perceber por que \u00e9 que esta paisagem funcionou da forma como funcionou. <\/p>\n\n<p>Para uma an\u00e1lise mais detalhada de como estes trilhos continuam a subir, o nosso <a href=\"https:\/\/www.myportugalexperience.com\/blog\/castelo-paderne\/\">guia do Castelo de Paderne<\/a> aborda o terreno mais elevado com mais detalhe.<\/p>\n\n<figure class=\"wp-block-image size-full is-resized\"><img decoding=\"async\" width=\"680\" height=\"306\" src=\"https:\/\/www.myportugalexperience.com\/blog\/wp-content\/uploads\/2026\/01\/Ponte-Medieval-de-Paderne-Algarve.webp\" alt=\"\" class=\"wp-image-2062\" style=\"width:800px;height:auto\" srcset=\"https:\/\/www.myportugalexperience.com\/blog\/wp-content\/uploads\/2026\/01\/Ponte-Medieval-de-Paderne-Algarve.webp 680w, https:\/\/www.myportugalexperience.com\/blog\/wp-content\/uploads\/2026\/01\/Ponte-Medieval-de-Paderne-Algarve-300x135.webp 300w\" sizes=\"(max-width: 680px) 100vw, 680px\" \/><\/figure>\n\n<h2 class=\"wp-block-heading\">Outros pontos de interesse pr\u00f3ximos que vale a pena adicionar ao seu dia<\/h2>\n\n<p>A ponte funciona melhor como parte de um itiner\u00e1rio relaxado no interior. Combine-a com uma visita \u00e0 pr\u00f3pria aldeia de Paderne, onde as casas caiadas de branco e a vida quotidiana ainda t\u00eam prioridade sobre o turismo. <\/p>\n\n<p>A partir da\u00ed, \u00e9 f\u00e1cil regressar \u00e0 costa. A <a href=\"https:\/\/www.myportugalexperience.com\/blog\/praia-da-gale\/\">Praia da Gal\u00e9<\/a> \u00e9 um bom contraste se quiser areia aberta e ar mar\u00edtimo mais tarde no dia. As fam\u00edlias podem preferir combinar a ponte com um dos <a href=\"https:\/\/www.myportugalexperience.com\/blog\/parques-aquaticos-albufeira\/\">parques aqu\u00e1ticos de Albufeira<\/a> para uma mistura de calma e caos. <\/p>\n\n<p>Os golfistas que ficam nas proximidades encontrar\u00e3o <a href=\"https:\/\/www.myportugalexperience.com\/blog\/campos-golfe-albufeira\/\">v\u00e1rios campos no interior e a oeste de Albufeira<\/a>, enquanto aqueles que constroem um plano mais amplo podem explorar mais ideias atrav\u00e9s de guias sobre <a href=\"https:\/\/www.myportugalexperience.com\/blog\/fazer-albufeira\/\">o que fazer em Albufeira<\/a> ou o <a href=\"https:\/\/www.myportugalexperience.com\/blog\/albufeira-centro-historico\/\">centro hist\u00f3rico de Albufeira<\/a>.<\/p>\n\n<h2 class=\"wp-block-heading\">Dicas pr\u00e1ticas para visitar a Ponte Medieval de Paderne<\/h2>\n\n<ul class=\"wp-block-list\">\n<li><strong>Visite de manh\u00e3 cedo ou ao final do dia<\/strong>: A manh\u00e3 e o final da tarde trazem uma luz mais suave e menos pessoas. O meio-dia pode parecer exposto, especialmente no ver\u00e3o. <\/li>\n\n\n\n<li><strong>Use cal\u00e7ado adequado<\/strong>: O trabalho em pedra em redor da ponte \u00e9 irregular e os caminhos ribeirinhos n\u00e3o s\u00e3o pavimentados. Depois da chuva, o terreno pode estar lamacento. <\/li>\n\n\n\n<li><strong>Reserve algum tempo<\/strong>: Esta n\u00e3o \u00e9 uma atra\u00e7\u00e3o para parar e seguir. Sente-se junto ao rio, aprecie os arredores e deixe o lugar funcionar ao seu pr\u00f3prio ritmo. <\/li>\n\n\n\n<li><strong>Pense nos \u00e2ngulos se estiver a tirar fotografias<\/strong>: As fotografias tiradas da margem do rio d\u00e3o mais presen\u00e7a \u00e0 ponte, enquanto o sol do final do dia real\u00e7a a textura da pedra muito melhor do que a luz do meio-dia.<\/li>\n<\/ul>\n\n<h2 class=\"wp-block-heading\">Por que \u00e9 que a Ponte Medieval de Paderne merece um lugar nos seus planos para o Algarve<\/h2>\n\n<p>A Ponte Medieval de Paderne n\u00e3o \u00e9 vistosa e n\u00e3o tenta s\u00ea-lo. \u00c9 uma lembran\u00e7a de que o Algarve existia muito antes das toalhas de praia e dos carrinhos de golfe, moldado por rios, rotas comerciais e circula\u00e7\u00e3o quotidiana pela terra. <\/p>\n\n<p>Explorar locais como este funciona melhor quando tem a liberdade de se deslocar ao seu pr\u00f3prio ritmo. Com uma variedade de villas privadas e apartamentos bem localizados, a <a href=\"https:\/\/www.myportugalexperience.com\/contacto\/\">OC Villas<\/a> facilita a explora\u00e7\u00e3o tanto do interior do Algarve como da costa, sem se sentir preso a uma vers\u00e3o da regi\u00e3o. <\/p>\n\n<p>S\u00e3o frequentemente estas paragens mais tranquilas que d\u00e3o forma a uma viagem. A ponte \u00e9 uma delas. <\/p>\n","protected":false},"excerpt":{"rendered":"<p>Se s\u00f3 conhece o Algarve pelas suas praias, est\u00e1 a perder parte da hist\u00f3ria. No interior de Albufeira, encontra-se a Ponte Medieval de Paderne, uma modesta ponte de pedra que transportou pessoas, animais, carro\u00e7as e momentos tranquilos atrav\u00e9s do rio Quarteira durante s\u00e9culos. Foi constru\u00edda para durar, n\u00e3o para impressionar. A Ponte Medieval de Paderne. [&hellip;]<\/p>\n","protected":false},"author":5,"featured_media":2061,"comment_status":"open","ping_status":"open","sticky":false,"template":"","format":"standard","meta":{"footnotes":""},"categories":[29,3],"tags":[],"class_list":["post-2155","post","type-post","status-publish","format-standard","has-post-thumbnail","hentry","category-algarve-2","category-extra-pt"],"yoast_head":"<!-- This site is optimized with the Yoast SEO plugin v26.5 - https:\/\/yoast.com\/wordpress\/plugins\/seo\/ -->\n<title>Explorar a Ponte Medieval de Paderne - Blog<\/title>\n<meta name=\"description\" content=\"Admire a impressionante ponte medieval de Paderne. Conhe\u00e7a a sua hist\u00f3ria, descubra as placas e planeie a sua visita.\" \/>\n<meta name=\"robots\" content=\"index, follow, max-snippet:-1, max-image-preview:large, max-video-preview:-1\" \/>\n<link rel=\"canonical\" href=\"https:\/\/www.myportugalexperience.com\/blog\/ponte-medieval-de-paderne\/\" \/>\n<meta property=\"og:locale\" content=\"pt_PT\" \/>\n<meta property=\"og:type\" content=\"article\" \/>\n<meta property=\"og:title\" content=\"Explorar a Ponte Medieval de Paderne - Blog\" \/>\n<meta property=\"og:description\" content=\"Admire a impressionante ponte medieval de Paderne. Conhe\u00e7a a sua hist\u00f3ria, descubra as placas e planeie a sua visita.\" \/>\n<meta property=\"og:url\" content=\"https:\/\/www.myportugalexperience.com\/blog\/ponte-medieval-de-paderne\/\" \/>\n<meta property=\"og:site_name\" content=\"Blog\" \/>\n<meta property=\"article:published_time\" content=\"2026-01-28T09:18:15+00:00\" \/>\n<meta property=\"article:modified_time\" content=\"2026-01-28T09:18:17+00:00\" \/>\n<meta property=\"og:image\" content=\"https:\/\/www.myportugalexperience.com\/blog\/wp-content\/uploads\/2026\/01\/Ponte-medieval-Paderne.webp\" \/>\n\t<meta property=\"og:image:width\" content=\"680\" \/>\n\t<meta property=\"og:image:height\" content=\"382\" \/>\n\t<meta property=\"og:image:type\" content=\"image\/webp\" \/>\n<meta name=\"author\" content=\"Richard\" \/>\n<meta name=\"twitter:card\" content=\"summary_large_image\" \/>\n<meta name=\"twitter:label1\" content=\"Written by\" \/>\n\t<meta name=\"twitter:data1\" content=\"Richard\" \/>\n\t<meta name=\"twitter:label2\" content=\"Est. reading time\" \/>\n\t<meta name=\"twitter:data2\" content=\"6 minutes\" \/>\n<script type=\"application\/ld+json\" class=\"yoast-schema-graph\">{\"@context\":\"https:\/\/schema.org\",\"@graph\":[{\"@type\":\"WebPage\",\"@id\":\"https:\/\/www.myportugalexperience.com\/blog\/ponte-medieval-de-paderne\/\",\"url\":\"https:\/\/www.myportugalexperience.com\/blog\/ponte-medieval-de-paderne\/\",\"name\":\"Explorar a Ponte Medieval de Paderne - Blog\",\"isPartOf\":{\"@id\":\"https:\/\/www.myportugalexperience.com\/blog\/#website\"},\"primaryImageOfPage\":{\"@id\":\"https:\/\/www.myportugalexperience.com\/blog\/ponte-medieval-de-paderne\/#primaryimage\"},\"image\":{\"@id\":\"https:\/\/www.myportugalexperience.com\/blog\/ponte-medieval-de-paderne\/#primaryimage\"},\"thumbnailUrl\":\"https:\/\/www.myportugalexperience.com\/blog\/wp-content\/uploads\/2026\/01\/Ponte-medieval-Paderne.webp\",\"datePublished\":\"2026-01-28T09:18:15+00:00\",\"dateModified\":\"2026-01-28T09:18:17+00:00\",\"author\":{\"@id\":\"https:\/\/www.myportugalexperience.com\/blog\/#\/schema\/person\/39cb01b73094abec05bd41bb36952686\"},\"description\":\"Admire a impressionante ponte medieval de Paderne. Conhe\u00e7a a sua hist\u00f3ria, descubra as placas e planeie a sua visita.\",\"breadcrumb\":{\"@id\":\"https:\/\/www.myportugalexperience.com\/blog\/ponte-medieval-de-paderne\/#breadcrumb\"},\"inLanguage\":\"pt\",\"potentialAction\":[{\"@type\":\"ReadAction\",\"target\":[\"https:\/\/www.myportugalexperience.com\/blog\/ponte-medieval-de-paderne\/\"]}]},{\"@type\":\"ImageObject\",\"inLanguage\":\"pt\",\"@id\":\"https:\/\/www.myportugalexperience.com\/blog\/ponte-medieval-de-paderne\/#primaryimage\",\"url\":\"https:\/\/www.myportugalexperience.com\/blog\/wp-content\/uploads\/2026\/01\/Ponte-medieval-Paderne.webp\",\"contentUrl\":\"https:\/\/www.myportugalexperience.com\/blog\/wp-content\/uploads\/2026\/01\/Ponte-medieval-Paderne.webp\",\"width\":680,\"height\":382,\"caption\":\"Ponte medieval Paderne\"},{\"@type\":\"BreadcrumbList\",\"@id\":\"https:\/\/www.myportugalexperience.com\/blog\/ponte-medieval-de-paderne\/#breadcrumb\",\"itemListElement\":[{\"@type\":\"ListItem\",\"position\":1,\"name\":\"Home\",\"item\":\"https:\/\/www.myportugalexperience.com\/blog\/\"},{\"@type\":\"ListItem\",\"position\":2,\"name\":\"Explorar a Ponte Medieval de Paderne e o interior do Algarve\"}]},{\"@type\":\"WebSite\",\"@id\":\"https:\/\/www.myportugalexperience.com\/blog\/#website\",\"url\":\"https:\/\/www.myportugalexperience.com\/blog\/\",\"name\":\"Blog\",\"description\":\"OC VILLAS\",\"potentialAction\":[{\"@type\":\"SearchAction\",\"target\":{\"@type\":\"EntryPoint\",\"urlTemplate\":\"https:\/\/www.myportugalexperience.com\/blog\/?s={search_term_string}\"},\"query-input\":{\"@type\":\"PropertyValueSpecification\",\"valueRequired\":true,\"valueName\":\"search_term_string\"}}],\"inLanguage\":\"pt\"},{\"@type\":\"Person\",\"@id\":\"https:\/\/www.myportugalexperience.com\/blog\/#\/schema\/person\/39cb01b73094abec05bd41bb36952686\",\"name\":\"Richard\",\"image\":{\"@type\":\"ImageObject\",\"inLanguage\":\"pt\",\"@id\":\"https:\/\/www.myportugalexperience.com\/blog\/#\/schema\/person\/image\/\",\"url\":\"https:\/\/secure.gravatar.com\/avatar\/63f7d63df8bc500b7b072100eb25897597ec962e6be3ac33cf5045633fb5702a?s=96&d=mm&r=g\",\"contentUrl\":\"https:\/\/secure.gravatar.com\/avatar\/63f7d63df8bc500b7b072100eb25897597ec962e6be3ac33cf5045633fb5702a?s=96&d=mm&r=g\",\"caption\":\"Richard\"},\"url\":\"https:\/\/www.myportugalexperience.com\/blog\/author\/richard\/\"}]}<\/script>\n<!-- \/ Yoast SEO plugin. -->","yoast_head_json":{"title":"Explorar a Ponte Medieval de Paderne - Blog","description":"Admire a impressionante ponte medieval de Paderne. Conhe\u00e7a a sua hist\u00f3ria, descubra as placas e planeie a sua visita.","robots":{"index":"index","follow":"follow","max-snippet":"max-snippet:-1","max-image-preview":"max-image-preview:large","max-video-preview":"max-video-preview:-1"},"canonical":"https:\/\/www.myportugalexperience.com\/blog\/ponte-medieval-de-paderne\/","og_locale":"pt_PT","og_type":"article","og_title":"Explorar a Ponte Medieval de Paderne - Blog","og_description":"Admire a impressionante ponte medieval de Paderne. Conhe\u00e7a a sua hist\u00f3ria, descubra as placas e planeie a sua visita.","og_url":"https:\/\/www.myportugalexperience.com\/blog\/ponte-medieval-de-paderne\/","og_site_name":"Blog","article_published_time":"2026-01-28T09:18:15+00:00","article_modified_time":"2026-01-28T09:18:17+00:00","og_image":[{"width":680,"height":382,"url":"https:\/\/www.myportugalexperience.com\/blog\/wp-content\/uploads\/2026\/01\/Ponte-medieval-Paderne.webp","type":"image\/webp"}],"author":"Richard","twitter_card":"summary_large_image","twitter_misc":{"Written by":"Richard","Est. reading time":"6 minutes"},"schema":{"@context":"https:\/\/schema.org","@graph":[{"@type":"WebPage","@id":"https:\/\/www.myportugalexperience.com\/blog\/ponte-medieval-de-paderne\/","url":"https:\/\/www.myportugalexperience.com\/blog\/ponte-medieval-de-paderne\/","name":"Explorar a Ponte Medieval de Paderne - Blog","isPartOf":{"@id":"https:\/\/www.myportugalexperience.com\/blog\/#website"},"primaryImageOfPage":{"@id":"https:\/\/www.myportugalexperience.com\/blog\/ponte-medieval-de-paderne\/#primaryimage"},"image":{"@id":"https:\/\/www.myportugalexperience.com\/blog\/ponte-medieval-de-paderne\/#primaryimage"},"thumbnailUrl":"https:\/\/www.myportugalexperience.com\/blog\/wp-content\/uploads\/2026\/01\/Ponte-medieval-Paderne.webp","datePublished":"2026-01-28T09:18:15+00:00","dateModified":"2026-01-28T09:18:17+00:00","author":{"@id":"https:\/\/www.myportugalexperience.com\/blog\/#\/schema\/person\/39cb01b73094abec05bd41bb36952686"},"description":"Admire a impressionante ponte medieval de Paderne. Conhe\u00e7a a sua hist\u00f3ria, descubra as placas e planeie a sua visita.","breadcrumb":{"@id":"https:\/\/www.myportugalexperience.com\/blog\/ponte-medieval-de-paderne\/#breadcrumb"},"inLanguage":"pt","potentialAction":[{"@type":"ReadAction","target":["https:\/\/www.myportugalexperience.com\/blog\/ponte-medieval-de-paderne\/"]}]},{"@type":"ImageObject","inLanguage":"pt","@id":"https:\/\/www.myportugalexperience.com\/blog\/ponte-medieval-de-paderne\/#primaryimage","url":"https:\/\/www.myportugalexperience.com\/blog\/wp-content\/uploads\/2026\/01\/Ponte-medieval-Paderne.webp","contentUrl":"https:\/\/www.myportugalexperience.com\/blog\/wp-content\/uploads\/2026\/01\/Ponte-medieval-Paderne.webp","width":680,"height":382,"caption":"Ponte medieval Paderne"},{"@type":"BreadcrumbList","@id":"https:\/\/www.myportugalexperience.com\/blog\/ponte-medieval-de-paderne\/#breadcrumb","itemListElement":[{"@type":"ListItem","position":1,"name":"Home","item":"https:\/\/www.myportugalexperience.com\/blog\/"},{"@type":"ListItem","position":2,"name":"Explorar a Ponte Medieval de Paderne e o interior do Algarve"}]},{"@type":"WebSite","@id":"https:\/\/www.myportugalexperience.com\/blog\/#website","url":"https:\/\/www.myportugalexperience.com\/blog\/","name":"Blog","description":"OC VILLAS","potentialAction":[{"@type":"SearchAction","target":{"@type":"EntryPoint","urlTemplate":"https:\/\/www.myportugalexperience.com\/blog\/?s={search_term_string}"},"query-input":{"@type":"PropertyValueSpecification","valueRequired":true,"valueName":"search_term_string"}}],"inLanguage":"pt"},{"@type":"Person","@id":"https:\/\/www.myportugalexperience.com\/blog\/#\/schema\/person\/39cb01b73094abec05bd41bb36952686","name":"Richard","image":{"@type":"ImageObject","inLanguage":"pt","@id":"https:\/\/www.myportugalexperience.com\/blog\/#\/schema\/person\/image\/","url":"https:\/\/secure.gravatar.com\/avatar\/63f7d63df8bc500b7b072100eb25897597ec962e6be3ac33cf5045633fb5702a?s=96&d=mm&r=g","contentUrl":"https:\/\/secure.gravatar.com\/avatar\/63f7d63df8bc500b7b072100eb25897597ec962e6be3ac33cf5045633fb5702a?s=96&d=mm&r=g","caption":"Richard"},"url":"https:\/\/www.myportugalexperience.com\/blog\/author\/richard\/"}]}},"_links":{"self":[{"href":"https:\/\/www.myportugalexperience.com\/blog\/wp-json\/wp\/v2\/posts\/2155","targetHints":{"allow":["GET"]}}],"collection":[{"href":"https:\/\/www.myportugalexperience.com\/blog\/wp-json\/wp\/v2\/posts"}],"about":[{"href":"https:\/\/www.myportugalexperience.com\/blog\/wp-json\/wp\/v2\/types\/post"}],"author":[{"embeddable":true,"href":"https:\/\/www.myportugalexperience.com\/blog\/wp-json\/wp\/v2\/users\/5"}],"replies":[{"embeddable":true,"href":"https:\/\/www.myportugalexperience.com\/blog\/wp-json\/wp\/v2\/comments?post=2155"}],"version-history":[{"count":1,"href":"https:\/\/www.myportugalexperience.com\/blog\/wp-json\/wp\/v2\/posts\/2155\/revisions"}],"predecessor-version":[{"id":2156,"href":"https:\/\/www.myportugalexperience.com\/blog\/wp-json\/wp\/v2\/posts\/2155\/revisions\/2156"}],"wp:featuredmedia":[{"embeddable":true,"href":"https:\/\/www.myportugalexperience.com\/blog\/wp-json\/wp\/v2\/media\/2061"}],"wp:attachment":[{"href":"https:\/\/www.myportugalexperience.com\/blog\/wp-json\/wp\/v2\/media?parent=2155"}],"wp:term":[{"taxonomy":"category","embeddable":true,"href":"https:\/\/www.myportugalexperience.com\/blog\/wp-json\/wp\/v2\/categories?post=2155"},{"taxonomy":"post_tag","embeddable":true,"href":"https:\/\/www.myportugalexperience.com\/blog\/wp-json\/wp\/v2\/tags?post=2155"}],"curies":[{"name":"wp","href":"https:\/\/api.w.org\/{rel}","templated":true}]}}